{"id":313896,"date":"2025-02-26T11:04:03","date_gmt":"2025-02-26T10:04:03","guid":{"rendered":"http:\/\/dhagpo.org\/?p=313896"},"modified":"2025-02-26T22:41:31","modified_gmt":"2025-02-26T21:41:31","slug":"1-maerz-1982-gruendung-staedtischen-zentrums-biarritz","status":"publish","type":"post","link":"https:\/\/dhagpo.org\/de\/1-maerz-1982-gruendung-staedtischen-zentrums-biarritz\/","title":{"rendered":"1. M\u00e4rz 1982 &#8211; Der Dharma kommt in die Stadt: Gr\u00fcndung des ersten st\u00e4dtischen Zentrums in Biarritz"},"content":{"rendered":"<p>[et_pb_section fb_built=&#8220;1&#8243; specialty=&#8220;on&#8220; _builder_version=&#8220;4.27.3&#8243; _module_preset=&#8220;default&#8220; global_colors_info=&#8220;{}&#8220;][et_pb_column type=&#8220;3_4&#8243; specialty_columns=&#8220;3&#8243; _builder_version=&#8220;4.16&#8243; custom_padding=&#8220;|||&#8220; global_colors_info=&#8220;{}&#8220; custom_padding__hover=&#8220;|||&#8220;][et_pb_row_inner column_structure=&#8220;1_2,1_2&#8243; _builder_version=&#8220;4.27.3&#8243; _module_preset=&#8220;default&#8220; global_colors_info=&#8220;{}&#8220;][et_pb_column_inner type=&#8220;1_2&#8243; saved_specialty_column_type=&#8220;3_4&#8243; _builder_version=&#8220;4.27.3&#8243; _module_preset=&#8220;default&#8220; global_colors_info=&#8220;{}&#8220;][et_pb_image src=&#8220;http:\/\/dhagpo.org\/wp-content\/uploads\/2025\/02\/Lettre_XVI_GK.jpg&#8220; alt=&#8220;\u00c9criture de Rangjung Rikp\u00e9 Dorj\u00e9, Sa Saintet\u00e9 le XVI\u1d49 &#8220; title_text=&#8220;\u00c9criture de Rangjung Rikp\u00e9 Dorj\u00e9, Sa Saintet\u00e9 le XVI\u1d49 &#8220; show_in_lightbox=&#8220;on&#8220; _builder_version=&#8220;4.27.4&#8243; _module_preset=&#8220;default&#8220; background_color=&#8220;gcid-b7d546b1-e8dd-4bef-9120-39ab5cda29e6&#8243; custom_margin=&#8220;||0px||false|false&#8220; custom_padding=&#8220;15px|15px|15px|15px|false|false&#8220; global_colors_info=&#8220;{%22gcid-b7d546b1-e8dd-4bef-9120-39ab5cda29e6%22:%91%22background_color%22%93}&#8220;][\/et_pb_image][et_pb_text _builder_version=&#8220;4.27.4&#8243; _module_preset=&#8220;default&#8220; text_font=&#8220;||on||||||&#8220; text_font_size=&#8220;14px&#8220; text_line_height=&#8220;1.4em&#8220; background_color=&#8220;gcid-b7d546b1-e8dd-4bef-9120-39ab5cda29e6&#8243; text_orientation=&#8220;center&#8220; custom_margin=&#8220;0px||||false|false&#8220; custom_padding=&#8220;0px|15px|10px|15px|false|false&#8220; global_colors_info=&#8220;{%22gcid-b7d546b1-e8dd-4bef-9120-39ab5cda29e6%22:%91%22background_color%22%93}&#8220;]<\/p>\n<p style=\"text-align: center;\"><i><span style=\"font-weight: 400;\">Karma Teksum Ch\u00f6ling. <br \/><\/span><\/i><i><span style=\"font-weight: 400;\">Schriften von Rangjung Rikp\u00e9 Dorj\u00e9, Seiner Heiligkeit dem 16. Gyalwa Karmapa.<\/span><\/i><\/p>\n<p>[\/et_pb_text][\/et_pb_column_inner][et_pb_column_inner type=&#8220;1_2&#8243; saved_specialty_column_type=&#8220;3_4&#8243; _builder_version=&#8220;4.27.3&#8243; _module_preset=&#8220;default&#8220; global_colors_info=&#8220;{}&#8220;][et_pb_text _builder_version=&#8220;4.27.4&#8243; _module_preset=&#8220;default&#8220; global_colors_info=&#8220;{}&#8220;]<\/p>\n<p><span style=\"font-weight: 400;\"><strong>Eine M\u00f6glichkeit zu bieten,<\/strong> sich mit dem Dharma in der Stadt zu verbinden, in der N\u00e4he des eigenen Wohnortes &#8211; das ist der Zweck der Karma Teksum Tcheuling Zentren (KTT), von denen das erste im M\u00e4rz 1982 in Biarritz gegr\u00fcndet wurde.<\/span><\/p>\n<p><span style=\"font-weight: 400;\">Karma bedeutet, dass das Zentrum <strong>unter der spirituellen Autorit\u00e4t<\/strong> des Gyalwa Karmapa steht; Teksum bedeutet \u201edrei (soum) Fahrzeuge (tek)\u201c, was sich auf die drei spirituellen Pfade bezieht und anzeigt, dass die Praxis immer mit der Lehre Buddhas verbunden ist; Tcheuling bedeutet Ort des Dharmas.<\/span><\/p>\n<p>[\/et_pb_text][\/et_pb_column_inner][\/et_pb_row_inner][et_pb_row_inner _builder_version=&#8220;4.27.3&#8243; _module_preset=&#8220;default&#8220; global_colors_info=&#8220;{}&#8220;][et_pb_column_inner saved_specialty_column_type=&#8220;3_4&#8243; _builder_version=&#8220;4.27.3&#8243; _module_preset=&#8220;default&#8220; global_colors_info=&#8220;{}&#8220;][et_pb_text _builder_version=&#8220;4.27.4&#8243; _module_preset=&#8220;default&#8220; global_colors_info=&#8220;{}&#8220;]<\/p>\n<p><span style=\"font-weight: 400;\"><strong>Der 16. Gyalwa Karmapa<\/strong> hatte den Wunsch ge\u00e4u\u00dfert, dass in verschiedenen St\u00e4dten Frankreichs Zentren, die mit Dhagpo verbunden sind, eingerichtet werden sollten, um die Begegnung mit Buddhas Lehren zu erleichtern. <\/span><\/p>\n<p>[\/et_pb_text][et_pb_testimonial author=&#8220;Lama Jigm\u00e9 Rinpoch\u00e9&#8220; _builder_version=&#8220;4.27.4&#8243; _module_preset=&#8220;572720b5-72ac-4a65-9e3f-d9811ed4046d&#8220; body_line_height=&#8220;1.6em&#8220; border_color_all=&#8220;gcid-9b5f26ad-ce0a-4e53-af90-9971f6694090&#8243; border_color_bottom=&#8220;gcid-9b5f26ad-ce0a-4e53-af90-9971f6694090&#8243; locked=&#8220;off&#8220; global_colors_info=&#8220;{%22gcid-9b5f26ad-ce0a-4e53-af90-9971f6694090%22:%91%22quote_icon_color%22,%22border_color_bottom%22,%22border_color_all%22%93}&#8220;]<\/p>\n<p><span style=\"font-weight: 400;\">\u201eMenschen kamen nach Dhagpo Kagyu Ling, erhielten Belehrungen, studierten den Dharma und praktizierten ihn, aber sie mussten aufgrund ihrer Verpflichtungen nach Hause zur\u00fcckkehren\u201c, erkl\u00e4rte Lama Jigme Rinpoche. \u201eDeshalb wurden die KTTs gegr\u00fcndet, um den Menschen, die nach Dhagpo kamen, die M\u00f6glichkeit zu geben, sich zu verbinden und wieder zu treffen, aber an ihrem Wohnort. Das war der Hauptzweck der KTTs: Menschen zu verbinden, einen Zugang zum Dharma zu erm\u00f6glichen und sie dann mit Dhagpo zu verbinden.\u201c<\/span><\/p>\n<p>[\/et_pb_testimonial][et_pb_text _builder_version=&#8220;4.27.4&#8243; _module_preset=&#8220;default&#8220; global_colors_info=&#8220;{}&#8220;]<\/p>\n<p><span style=\"font-weight: 400;\"><strong>Ab 1980 bereisten Gend\u00fcn Rinpoche<\/strong> und Lama Jigme Rinpoche St\u00e4dte in ganz Frankreich und Europa, um das Interesse von Sch\u00fclern an der Gr\u00fcndung solcher urbanen Zentren zu unterst\u00fctzen. <strong>Shamar Rinpoche und Jigme Rinpoche<\/strong> besuchten Biarritz im Jahr 1980.\u00a0 Letzterer kehrte 1981 mit Gend\u00fcn Rinpoche erneut dorthin zur\u00fcck und hielt einen Vortrag in Bayonne.<\/span><\/p>\n<p><span style=\"font-weight: 400;\">Der sp\u00e4tere erste Pr\u00e4sident des KTT Biarritz, Eug\u00e8ne Deherme, war <strong>1977<\/strong> bei einer Zeremonie der Schwarzen Krone des 16. Karmapa in Dhagpo Kagy\u00fc Ling anwesend und hatte Zuflucht bei Seiner Heiligkeit genommen. Dieser intensive Moment pr\u00e4gte seine Erinnerungen.<\/span><\/p>\n<p><span style=\"font-weight: 400;\">Wie in der Tendrel Ausgabe Nr. 1 erw\u00e4hnt, war das erste KTT in P\u00e9rigueux. Dieses hatte jedoch keine juristische Anerkennung. Der erste juristisch anerkannte Verein wurde bei der Unterpr\u00e4fektur von Bayonne nach dem Gesetz 1901 im <\/span><i><span style=\"font-weight: 400;\">Journal Officiel <\/span><\/i><span style=\"font-weight: 400;\">eingetragen und entstand am 1. M\u00e4rz 1982.<\/span><\/p>\n<p><span style=\"font-weight: 400;\">Im <strong>April 1982<\/strong>, kurz nach seiner Gr\u00fcndung, kamen etwa 40 Personen f\u00fcr drei Tage zu Belehrungen von Gend\u00fcn Rinpoche. Neben der Organisation von Belehrungen und Meditation organisierte der KTT im April 1986 eine tibetische Woche mit einer Ausstellung tibetischer Kunst und mehreren Vortr\u00e4gen im Baskischen Museum in Bayonne, um die Verbindung und Offenheit zur lokalen Bev\u00f6lkerung zu st\u00e4rken. Der KTT unterst\u00fctzte <strong>1984<\/strong> auch <strong>Anila Rinchen bei der Durchf\u00fchrung<\/strong> des ersten Retreats von drei Jahren, drei Monaten und drei Tagen.<\/span><\/p>\n<p><span style=\"font-weight: 400;\">Eine Entwicklung war in Gang gesetzt. Das KTT in Nantes wurde <strong>1982<\/strong> gegr\u00fcndet, gefolgt von Pau, Bordeaux und La Rochelle <strong>1983<\/strong>, Clermont Ferrand, Toulon, Poitiers und Perpignan sowie Bilbao <strong>1984<\/strong>.<\/span><\/p>\n<p><span style=\"font-weight: 400;\">Heute gibt es <strong>54 st\u00e4dtische Zentren und 23 Dharma-Gruppen<\/strong> in Frankreich und mehreren europ\u00e4ischen L\u00e4ndern (Belgien, Spanien, Italien&#8230;), die sich alle dem Ziel verschrieben haben, Menschen f\u00fcr Belehrungen, Praktiken und Studien zusammenzubringen. Im Laufe der Zeit entwickelten sich diese urbanen Zentren unter der spirituellen Leitung von Jigme Rinpoche weiter. Das erste KTT wurde zu <\/span><i><span style=\"font-weight: 400;\">Dhagpo Pays Basque<\/span><\/i><span style=\"font-weight: 400;\"> und befand sich in Bayonne. Die KTTs einer Region schlie\u00dfen sich in der Regel zusammen, um sich auszutauschen und Zugang zu den Lehren von Khenpos und Acharyas aus Indien zu erhalten. \u201eEs ist eine fortlaufende Arbeit, um eine bessere Bildung im Dharma zu erlangen, die die meditative Praxis unterst\u00fctzen kann\u201c, erkl\u00e4rt Jigme Rinpoche.\u00a0<\/span><\/p>\n<p><span style=\"font-weight: 400;\">Was <strong>Shamar Rinpoche 1987<\/strong> in der Zeitschrift Tendrel (Ausgabe Nr. 11) sagte, ist heute noch genauso zutreffend:<\/span><\/p>\n<p>[\/et_pb_text][et_pb_testimonial author=&#8220;Shamar Rinpoche&#8220; _builder_version=&#8220;4.27.4&#8243; _module_preset=&#8220;572720b5-72ac-4a65-9e3f-d9811ed4046d&#8220; body_line_height=&#8220;1.6em&#8220; border_color_all=&#8220;gcid-9b5f26ad-ce0a-4e53-af90-9971f6694090&#8243; border_color_bottom=&#8220;gcid-9b5f26ad-ce0a-4e53-af90-9971f6694090&#8243; locked=&#8220;off&#8220; global_colors_info=&#8220;{%22gcid-9b5f26ad-ce0a-4e53-af90-9971f6694090%22:%91%22quote_icon_color%22,%22border_color_bottom%22,%22border_color_all%22%93}&#8220;]<\/p>\n<p><span style=\"font-weight: 400;\">&nbsp;\u201eDie KTTs sind wie die F\u00e4den eines Netzes, das Seine Heiligkeit um die Welt gesponnen hat, und ich versuche, es zu erweitern. Es ist wichtig, dass sich die Mitglieder dieser Zentren untereinander verbunden f\u00fchlen, als eine Art Relaisstation f\u00fcr die Aktivit\u00e4ten Seiner Heiligkeit des Karmapa. Die Aufgabe der KTTs ist wesentlich, um, den Dharma zu so vielen Menschen wie m\u00f6glich zu bringen und somit den Wunsch Seiner Heiligkeit zu erf\u00fcllen.\u201c<\/span><\/p>\n<p>[\/et_pb_testimonial][et_pb_text admin_label=&#8220;KTT de &#8220; _builder_version=&#8220;4.27.4&#8243; _module_preset=&#8220;default&#8220; custom_margin=&#8220;20px||0px||false|false&#8220; custom_padding=&#8220;20px||||false|false&#8220; global_colors_info=&#8220;{}&#8220;]<\/p>\n<h2><span style=\"color: #ab0032;\">KTT Biarritz<\/span><\/h2>\n<p><span style=\"color: #ab0032;\">Damals und heute<\/span><\/p>\n<p>[\/et_pb_text][et_pb_text admin_label=&#8220;nextgen&#8220; _builder_version=&#8220;4.27.4&#8243; _module_preset=&#8220;default&#8220; background_color=&#8220;#d4b16a&#8220; custom_margin=&#8220;15px||15px||false|false&#8220; custom_padding=&#8220;0px|20px|15px|20px|false|false&#8220; border_width_bottom=&#8220;0px&#8220; border_color_bottom=&#8220;#ab0032&#8243; locked=&#8220;off&#8220; global_colors_info=&#8220;{}&#8220;]ngg_shortcode_0_placeholder[\/et_pb_text][et_pb_text admin_label=&#8220;KTT de &#8220; _builder_version=&#8220;4.27.4&#8243; _module_preset=&#8220;default&#8220; custom_margin=&#8220;20px||0px||false|false&#8220; custom_padding=&#8220;20px||||false|false&#8220; global_colors_info=&#8220;{}&#8220;]<\/p>\n<h2><span style=\"color: #ab0032;\">KTT Paris<\/span><\/h2>\n<p><span style=\"color: #ab0032;\">Damals und heute<\/span>[\/et_pb_text][et_pb_text admin_label=&#8220;nextgen Paris&#8220; _builder_version=&#8220;4.27.4&#8243; _module_preset=&#8220;default&#8220; background_color=&#8220;#d4b16a&#8220; custom_margin=&#8220;15px||15px||false|false&#8220; custom_padding=&#8220;0px|20px|15px|20px|false|false&#8220; locked=&#8220;off&#8220; global_colors_info=&#8220;{}&#8220;]ngg_shortcode_1_placeholder[\/et_pb_text][et_pb_text admin_label=&#8220;KTT de &#8220; _builder_version=&#8220;4.27.4&#8243; _module_preset=&#8220;default&#8220; custom_margin=&#8220;20px||0px||false|false&#8220; custom_padding=&#8220;20px||||false|false&#8220; global_colors_info=&#8220;{}&#8220;]<\/p>\n<h2><span style=\"color: #ab0032;\">KTT Bordeaux<\/span><\/h2>\n<p><span style=\"color: #ab0032;\">Damals und heute<\/span>[\/et_pb_text][et_pb_text admin_label=&#8220;nextgen Bordeaux&#8220; _builder_version=&#8220;4.27.4&#8243; _module_preset=&#8220;default&#8220; background_color=&#8220;#d4b16a&#8220; custom_margin=&#8220;15px||15px||false|false&#8220; custom_padding=&#8220;0px|20px|15px|20px|false|false&#8220; locked=&#8220;off&#8220; global_colors_info=&#8220;{}&#8220;]ngg_shortcode_2_placeholder[\/et_pb_text][et_pb_text admin_label=&#8220;KTT de &#8220; _builder_version=&#8220;4.27.4&#8243; _module_preset=&#8220;default&#8220; custom_margin=&#8220;20px||0px||false|false&#8220; custom_padding=&#8220;20px||||false|false&#8220; global_colors_info=&#8220;{}&#8220;]<\/p>\n<h2><span style=\"color: #ab0032;\">KTT Bilbao &#8211; Spanien<\/span><\/h2>\n<p><span style=\"color: #ab0032;\">Damals und heute<\/span><\/p>\n<p>[\/et_pb_text][et_pb_text admin_label=&#8220;nextgen Bilbao&#8220; _builder_version=&#8220;4.27.4&#8243; _module_preset=&#8220;default&#8220; background_color=&#8220;#d4b16a&#8220; custom_margin=&#8220;15px||15px||false|false&#8220; custom_padding=&#8220;0px|20px|15px|20px|false|false&#8220; locked=&#8220;off&#8220; global_colors_info=&#8220;{}&#8220;]ngg_shortcode_3_placeholder[\/et_pb_text][et_pb_text admin_label=&#8220;KTT de &#8220; _builder_version=&#8220;4.27.4&#8243; _module_preset=&#8220;default&#8220; custom_margin=&#8220;20px||0px||false|false&#8220; custom_padding=&#8220;20px||||false|false&#8220; global_colors_info=&#8220;{}&#8220;]<\/p>\n<h2><span style=\"color: #ab0032;\">KTT Poitiers<\/span><\/h2>\n<p><span style=\"color: #ab0032;\">Hier et aujourd&#8217;hui<\/span><br \/>\n[\/et_pb_text][et_pb_text admin_label=&#8220;nextgen&#8220; _builder_version=&#8220;4.27.4&#8243; _module_preset=&#8220;default&#8220; background_color=&#8220;#d4b16a&#8220; custom_margin=&#8220;15px||15px||false|false&#8220; custom_padding=&#8220;0px|20px|15px|20px|false|false&#8220; locked=&#8220;off&#8220; global_colors_info=&#8220;{}&#8220;]ngg_shortcode_4_placeholder[\/et_pb_text][et_pb_text admin_label=&#8220;KTT de &#8220; _builder_version=&#8220;4.27.4&#8243; _module_preset=&#8220;default&#8220; custom_margin=&#8220;20px||0px||false|false&#8220; custom_padding=&#8220;20px||||false|false&#8220; global_colors_info=&#8220;{}&#8220;]<\/p>\n<h2><span style=\"color: #ab0032;\">KTT Br\u00fcssel<\/span><\/h2>\n<p><span style=\"color: #ab0032;\">Damals und heute<\/span><\/p>\n<p>[\/et_pb_text][et_pb_text admin_label=&#8220;nextgen Bruxelles&#8220; _builder_version=&#8220;4.27.4&#8243; _module_preset=&#8220;default&#8220; background_color=&#8220;#d4b16a&#8220; custom_margin=&#8220;15px||15px||false|false&#8220; custom_padding=&#8220;0px|20px|15px|20px|false|false&#8220; locked=&#8220;off&#8220; global_colors_info=&#8220;{}&#8220;]ngg_shortcode_5_placeholder[\/et_pb_text][et_pb_text admin_label=&#8220;KTT de &#8220; _builder_version=&#8220;4.27.4&#8243; _module_preset=&#8220;default&#8220; custom_margin=&#8220;20px||0px||false|false&#8220; custom_padding=&#8220;20px||||false|false&#8220; global_colors_info=&#8220;{}&#8220;]<\/p>\n<h2><span style=\"color: #ab0032;\">KTT Emilia-Romana &#8211; Italien<\/span><\/h2>\n<p><span style=\"color: #ab0032;\">Damals und heute<\/span><\/p>\n<p>[\/et_pb_text][et_pb_text admin_label=&#8220;nextgen Emilia&#8220; _builder_version=&#8220;4.27.4&#8243; _module_preset=&#8220;default&#8220; background_color=&#8220;#d4b16a&#8220; custom_margin=&#8220;15px||15px||false|false&#8220; custom_padding=&#8220;0px|20px|15px|20px|false|false&#8220; locked=&#8220;off&#8220; global_colors_info=&#8220;{}&#8220;]ngg_shortcode_6_placeholder[\/et_pb_text][et_pb_text disabled_on=&#8220;on|on|off&#8220; _builder_version=&#8220;4.27.4&#8243; _module_preset=&#8220;default&#8220; text_font=&#8220;Roboto||||||||&#8220; text_font_size=&#8220;13px&#8220; text_line_height=&#8220;1em&#8220; custom_padding=&#8220;||0px|||&#8220; locked=&#8220;off&#8220; global_colors_info=&#8220;{}&#8220;]<\/p>\n<p style=\"text-align: center;\"><span style=\"color: #808080;\">Diese Fotos stammen aus unseren Archiven oder wurden im Rahmen der Recherchen zum 50-j\u00e4hrigen Jubil\u00e4um von Dhagpo Kagyu Ling gesammelt. Wir konnten nicht alle Urheber identifizieren. Die Nutzung der Fotos dient ausschlie\u00dflich Informationszwecken im Kontext der Feierlichkeiten zum 50-j\u00e4hrigen Jubil\u00e4um von Dhagpo Kagyu Ling. Ihre Verwendung ist auf diesen Anlass und unsere Website beschr\u00e4nkt und erfolgt nicht zu kommerziellen Zwecken.<\/span><\/p>\n<p>[\/et_pb_text][\/et_pb_column_inner][\/et_pb_row_inner][\/et_pb_column][et_pb_column type=&#8220;1_4&#8243; _builder_version=&#8220;4.16&#8243; custom_padding=&#8220;|||&#8220; global_colors_info=&#8220;{}&#8220; custom_padding__hover=&#8220;|||&#8220;][et_pb_text module_class=&#8220;event50&#8243; _builder_version=&#8220;4.27.4&#8243; _module_preset=&#8220;default&#8220; text_font=&#8220;||||||||&#8220; text_font_size=&#8220;16px&#8220; text_line_height=&#8220;20px&#8220; header_4_text_color=&#8220;gcid-4bb20c8d-5a19-4f4f-8a7e-cb9fb4184138&#8243; header_5_text_color=&#8220;gcid-4bb20c8d-5a19-4f4f-8a7e-cb9fb4184138&#8243; header_5_font_size=&#8220;18px&#8220; background_color=&#8220;gcid-b7d546b1-e8dd-4bef-9120-39ab5cda29e6&#8243; background_image=&#8220;http:\/\/dhagpo.org\/wp-content\/uploads\/2024\/12\/50ans-1.png&#8220; background_size=&#8220;custom&#8220; background_image_width=&#8220;40px&#8220; background_position=&#8220;top_right&#8220; background_horizontal_offset=&#8220;9px&#8220; background_vertical_offset=&#8220;6px&#8220; custom_margin=&#8220;||||false|false&#8220; custom_margin_tablet=&#8220;30px|100px|||false|false&#8220; custom_margin_phone=&#8220;|0px||0px|false|false&#8220; custom_margin_last_edited=&#8220;off|desktop&#8220; custom_padding=&#8220;|20px|15px|20px|false|false&#8220; custom_padding_tablet=&#8220;|20px|15px|20px|false|false&#8220; custom_padding_phone=&#8220;||||false|false&#8220; custom_padding_last_edited=&#8220;on|desktop&#8220; custom_css_main_element=&#8220;font-weight:500;&#8220; custom_css_free_form=&#8220;.event50 h5 {||  display: inline-block;||  background-color: #ffffff; \/* Fond blanc *\/||  box-shadow: 0 2px 4px rgba(0, 0, 0, 0.1); \/* Optionnel : l\u00e9g\u00e8re ombre *\/||  padding: 5px; \/* Ajuster selon vos besoins *\/||  margin-bottom:10px;||  text-align: left; \/* Garde le texte align\u00e9 \u00e0 gauche *\/||||}||&#8220; locked=&#8220;off&#8220; global_colors_info=&#8220;{%22gcid-b7d546b1-e8dd-4bef-9120-39ab5cda29e6%22:%91%22background_color%22,%22background_color%22,%22background_color%22,%22background_color%22%93,%22gcid-4bb20c8d-5a19-4f4f-8a7e-cb9fb4184138%22:%91%22header_4_text_color%22,%22header_5_text_color%22,%22header_4_text_color%22,%22header_5_text_color%22%93}&#8220;]<\/p>\n<h5>Veranstaltung<\/h5>\n<p data-start=\"0\" data-end=\"191\">Um dieses Ereignis zu w\u00fcrdigen, wird Lama Jigm\u00e9 Rinpoche am 1. M\u00e4rz die Erz\u00e4hlung seines Lebens an der Seite von Rangjung Rigpe Dorje, Seiner Heiligkeit dem XVI. Gyalwa Karmapa, fortsetzen.<\/p>\n<p><img loading=\"lazy\" decoding=\"async\" class=\"wp-image-310103 alignleft size-full\" src=\"http:\/\/dhagpo.org\/wp-content\/uploads\/2025\/01\/streaming.png\" alt=\"\" width=\"36\" height=\"36\"><span style=\"font-weight: 400;\">Die Konferenz und die Praktiken werden auch online \u00fcbertragen.<\/span><\/p>\n<p>[\/et_pb_text][et_pb_button button_url=&#8220;https:\/\/dhagpo.org\/de\/calendrier\/&#8220; url_new_window=&#8220;on&#8220; button_text=&#8220;Im Programmkalender ansehen&#8220; disabled_on=&#8220;off|off|off&#8220; _builder_version=&#8220;4.27.4&#8243; _module_preset=&#8220;default&#8220; button_text_color=&#8220;gcid-4bb20c8d-5a19-4f4f-8a7e-cb9fb4184138&#8243; button_bg_color=&#8220;#FFFFFF&#8220; button_border_color=&#8220;gcid-4bb20c8d-5a19-4f4f-8a7e-cb9fb4184138&#8243; button_border_radius=&#8220;6px&#8220; button_icon=&#8220;&#xf073;||fa||400&#8243; button_icon_placement=&#8220;left&#8220; hover_enabled=&#8220;0&#8243; locked=&#8220;off&#8220; global_colors_info=&#8220;{%22gcid-4bb20c8d-5a19-4f4f-8a7e-cb9fb4184138%22:%91%22button_text_color%22,%22button_border_color%22,%22button_border_color__hover%22%93}&#8220; button_bg_color__hover_enabled=&#8220;on|desktop&#8220; button_border_radius__hover=&#8220;6px&#8220; button_border_color__hover_enabled=&#8220;on|hover&#8220; button_border_color__hover=&#8220;#b87d06&#8243; button_bg_color__hover=&#8220;#FFFFFF&#8220; sticky_enabled=&#8220;0&#8243;][\/et_pb_button][et_pb_image src=&#8220;http:\/\/dhagpo.org\/wp-content\/uploads\/2025\/02\/Tendrel-11_KSR.jpg&#8220; alt=&#8220;Tendrel 11&#8243; title_text=&#8220;Tendrel 11_KSR&#8220; url=&#8220;http:\/\/dhagpo.org\/wp-content\/uploads\/2025\/02\/Tendrel-11_KSR.pdf&#8220; url_new_window=&#8220;on&#8220; _builder_version=&#8220;4.27.4&#8243; _module_preset=&#8220;default&#8220; background_color=&#8220;#f7f7f3&#8243; custom_margin=&#8220;5px|5px|5px|5px|false|false&#8220; custom_padding=&#8220;5px|5px|5px|5px|false|false&#8220; global_colors_info=&#8220;{}&#8220;][\/et_pb_image][et_pb_image src=&#8220;http:\/\/dhagpo.org\/wp-content\/uploads\/2025\/02\/Couverture-de-la-brochure-de-presentation-KTT.jpg&#8220; alt=&#8220;Couverture de la brochure de pr\u00e9sentation KTT&#8220; url=&#8220;@ET-DC@eyJkeW5hbWljIjp0cnVlLCJjb250ZW50IjoicG9zdF9saW5rX3VybF9hdHRhY2htZW50Iiwic2V0dGluZ3MiOnsicG9zdF9pZCI6IjMxMzIxMiJ9fQ==@&#8220; url_new_window=&#8220;on&#8220; _builder_version=&#8220;4.27.4&#8243; _dynamic_attributes=&#8220;url&#8220; _module_preset=&#8220;default&#8220; background_color=&#8220;#f7f7f3&#8243; custom_margin=&#8220;5px|5px|5px|5px|false|false&#8220; custom_padding=&#8220;5px|5px|5px|5px|false|false&#8220; global_colors_info=&#8220;{}&#8220;][\/et_pb_image][et_pb_image src=&#8220;http:\/\/dhagpo.org\/wp-content\/uploads\/2025\/02\/Tendrel-1_premieres-KTT.jpg&#8220; alt=&#8220;Couverture Tendrel 1&#8243; title_text=&#8220;Tendrel 1_premieres KTT&#8220; url=&#8220;http:\/\/dhagpo.org\/wp-content\/uploads\/2025\/02\/Tendrel-1_premieres-KTT-1.pdf&#8220; url_new_window=&#8220;on&#8220; _builder_version=&#8220;4.27.4&#8243; _module_preset=&#8220;default&#8220; background_color=&#8220;#f7f7f3&#8243; custom_margin=&#8220;5px|5px|5px|5px|false|false&#8220; custom_padding=&#8220;5px|5px|5px|5px|false|false&#8220; global_colors_info=&#8220;{}&#8220;][\/et_pb_image][et_pb_image src=&#8220;http:\/\/dhagpo.org\/wp-content\/uploads\/2025\/02\/Extrait-Tendrel-2-1.jpg&#8220; alt=&#8220;Extrait Tendrel 2&#8243; title_text=&#8220;Extrait Tendrel 2&#8243; url=&#8220;http:\/\/dhagpo.org\/wp-content\/uploads\/2025\/02\/Tendrel-2_a-propos-des-KTT-1-1.pdf&#8220; url_new_window=&#8220;on&#8220; _builder_version=&#8220;4.27.4&#8243; _module_preset=&#8220;default&#8220; background_color=&#8220;#f7f7f3&#8243; custom_margin=&#8220;5px|5px|5px|5px|false|false&#8220; custom_padding=&#8220;5px|5px|5px|5px|false|false&#8220; global_colors_info=&#8220;{}&#8220;][\/et_pb_image][et_pb_image src=&#8220;http:\/\/dhagpo.org\/wp-content\/uploads\/2025\/02\/Caratule-KTT-ligne-tu-temps.jpg&#8220; alt=&#8220;Caratule KTT ligne tu temps&#8220; url=&#8220;http:\/\/dhagpo.org\/wp-content\/uploads\/2025\/02\/Un-reseau-de-centres-dapprentissage-et-de-meditation-pour-acceder-au-bouddhisme-1.pdf&#8220; url_new_window=&#8220;on&#8220; _builder_version=&#8220;4.27.4&#8243; _module_preset=&#8220;default&#8220; background_color=&#8220;#f7f7f3&#8243; custom_margin=&#8220;5px|5px|5px|5px|false|false&#8220; custom_padding=&#8220;5px|5px|5px|5px|false|false&#8220; global_colors_info=&#8220;{}&#8220;][\/et_pb_image][et_pb_gallery gallery_ids=&#8220;313439,313406,313435&#8243; posts_number=&#8220;3&#8243; show_pagination=&#8220;off&#8220; _builder_version=&#8220;4.27.4&#8243; _module_preset=&#8220;default&#8220; caption_font=&#8220;||on||||||&#8220; caption_text_align=&#8220;center&#8220; background_color=&#8220;#f7f7f3&#8243; text_orientation=&#8220;center&#8220; custom_margin=&#8220;5px|5px|5px|5px|false|false&#8220; custom_padding=&#8220;5px|5px|0px|5px|false|false&#8220; global_colors_info=&#8220;{}&#8220;][\/et_pb_gallery][et_pb_text disabled_on=&#8220;off|off|on&#8220; _builder_version=&#8220;4.27.4&#8243; _module_preset=&#8220;default&#8220; text_font=&#8220;Roboto||||||||&#8220; text_font_size=&#8220;13px&#8220; text_line_height=&#8220;1em&#8220; custom_padding=&#8220;||0px|||&#8220; locked=&#8220;off&#8220; global_colors_info=&#8220;{}&#8220;]<\/p>\n<p style=\"text-align: center;\"><span style=\"color: #808080;\">Diese Fotos stammen aus unseren Archiven oder wurden im Rahmen der Recherchen zum 50-j\u00e4hrigen Jubil\u00e4um von Dhagpo Kagyu Ling gesammelt. Wir konnten nicht alle Urheber identifizieren. Die Nutzung der Fotos dient ausschlie\u00dflich Informationszwecken im Kontext der Feierlichkeiten zum 50-j\u00e4hrigen Jubil\u00e4um von Dhagpo Kagyu Ling. Ihre Verwendung ist auf diesen Anlass und unsere Website beschr\u00e4nkt und erfolgt nicht zu kommerziellen Zwecken.<\/span><\/p>\n<p>[\/et_pb_text][\/et_pb_column][\/et_pb_section]<\/p>\n","protected":false},"excerpt":{"rendered":"<p>Karma Teksum Ch\u00f6ling. Schriften von Rangjung Rikp\u00e9 Dorj\u00e9, Seiner Heiligkeit dem 16. Gyalwa Karmapa.Eine M\u00f6glichkeit zu bieten, sich mit dem Dharma in der Stadt zu verbinden, in der N\u00e4he des [&hellip;]<\/p>\n","protected":false},"author":8,"featured_media":0,"comment_status":"closed","ping_status":"closed","sticky":false,"template":"","format":"standard","meta":{"_et_pb_use_builder":"on","_et_pb_old_content":"<p>[et_pb_section fb_built=\"1\" specialty=\"on\" _builder_version=\"4.27.3\" _module_preset=\"default\" global_colors_info=\"{}\"][et_pb_column type=\"3_4\" specialty_columns=\"3\" _builder_version=\"4.16\" custom_padding=\"|||\" global_colors_info=\"{}\" custom_padding__hover=\"|||\"][et_pb_row_inner column_structure=\"1_2,1_2\" _builder_version=\"4.27.3\" _module_preset=\"default\" global_colors_info=\"{}\"][et_pb_column_inner type=\"1_2\" saved_specialty_column_type=\"3_4\" _builder_version=\"4.27.3\" _module_preset=\"default\" global_colors_info=\"{}\"][et_pb_image src=\"http:\/\/dhagpo.org\/wp-content\/uploads\/2025\/02\/Lettre_XVI_GK.jpg\" alt=\"\u00c9criture de Rangjung Rikp\u00e9 Dorj\u00e9, Sa Saintet\u00e9 le XVI\u1d49 \" title_text=\"\u00c9criture de Rangjung Rikp\u00e9 Dorj\u00e9, Sa Saintet\u00e9 le XVI\u1d49 \" show_in_lightbox=\"on\" _builder_version=\"4.27.4\" _module_preset=\"default\" background_color=\"gcid-b7d546b1-e8dd-4bef-9120-39ab5cda29e6\" custom_margin=\"||0px||false|false\" custom_padding=\"15px|15px|15px|15px|false|false\" global_colors_info=\"{%22gcid-b7d546b1-e8dd-4bef-9120-39ab5cda29e6%22:%91%22background_color%22%93}\"][\/et_pb_image][et_pb_text _builder_version=\"4.27.4\" _module_preset=\"default\" text_font=\"||on||||||\" text_font_size=\"14px\" text_line_height=\"1.4em\" background_color=\"gcid-b7d546b1-e8dd-4bef-9120-39ab5cda29e6\" text_orientation=\"center\" custom_margin=\"0px||||false|false\" custom_padding=\"0px|15px|10px|15px|false|false\" global_colors_info=\"{%22gcid-b7d546b1-e8dd-4bef-9120-39ab5cda29e6%22:%91%22background_color%22%93}\"]Karma Teksoum Tcheuling.<br>\u00c9criture de Rangjung Rikp\u00e9 Dorj\u00e9, Sa Saintet\u00e9 le XVI\u1d49 Gyalwa Karmapa[\/et_pb_text][\/et_pb_column_inner][et_pb_column_inner type=\"1_2\" saved_specialty_column_type=\"3_4\" _builder_version=\"4.27.3\" _module_preset=\"default\" global_colors_info=\"{}\"][et_pb_text _builder_version=\"4.27.4\" _module_preset=\"default\" global_colors_info=\"{}\"]<\/p><p><span style=\"font-weight: 400;\"><strong>Donner l\u2019opportunit\u00e9 de se relier<\/strong> au Dharma en ville, \u00e0 proximit\u00e9 de son domicile, telle est la vocation des centres <\/span><i><span style=\"font-weight: 400;\">Karma Teksoum Tcheuling<\/span><\/i><span style=\"font-weight: 400;\"> (KTT), dont le premier voit le jour \u00e0 Biarritz en mars 1982.<\/span><\/p><p><span style=\"font-weight: 400;\">Quel est tout d\u2019abord <strong>le sens de ce nom<\/strong> donn\u00e9 par Sa Saintet\u00e9 le XVI<\/span><sup><span style=\"font-weight: 400;\">e<\/span><\/sup><span style=\"font-weight: 400;\"> Karmapa\u00a0?\u00a0: <\/span><i><span style=\"font-weight: 400;\">karma<\/span><\/i><span style=\"font-weight: 400;\"> indique que le centre est plac\u00e9 sous <strong>l\u2019autorit\u00e9 spirituelle<\/strong> du Gyalwa Karmapa\u00a0; pour <\/span><i><span style=\"font-weight: 400;\">teksoum, tek<\/span><\/i><span style=\"font-weight: 400;\">\u00a0 signifie v\u00e9hicules et <\/span><i><span style=\"font-weight: 400;\">soum <\/span><\/i><span style=\"font-weight: 400;\">signifie trois, en r\u00e9f\u00e9rence aux trois chemins spirituels, indiquant que la pratique est toujours reli\u00e9e \u00e0 l\u2019enseignement du Bouddha\u00a0; <\/span><i><span style=\"font-weight: 400;\">tcheuling<\/span><\/i><span style=\"font-weight: 400;\"> signifie <\/span><i><span style=\"font-weight: 400;\">lieu du Dharma<\/span><\/i><span style=\"font-weight: 400;\">.<\/span><\/p><p>[\/et_pb_text][\/et_pb_column_inner][\/et_pb_row_inner][et_pb_row_inner _builder_version=\"4.27.3\" _module_preset=\"default\" global_colors_info=\"{}\"][et_pb_column_inner saved_specialty_column_type=\"3_4\" _builder_version=\"4.27.3\" _module_preset=\"default\" global_colors_info=\"{}\"][et_pb_text _builder_version=\"4.27.4\" _module_preset=\"default\" global_colors_info=\"{}\"]<\/p><p><span style=\"font-weight: 400;\">Afin de faciliter la rencontre avec l\u2019enseignement du Bouddha, <strong>le XVI<\/strong><\/span><strong><sup>e<\/sup><\/strong><span style=\"font-weight: 400;\"><strong> Gyalwa Karmapa<\/strong> avait souhait\u00e9 la cr\u00e9ation de centres affili\u00e9s \u00e0 Dhagpo dans diff\u00e9rentes villes de France.<\/span><\/p><p>[\/et_pb_text][et_pb_testimonial author=\"Lama Jigm\u00e9 Rinpoch\u00e9\" _builder_version=\"4.27.4\" _module_preset=\"572720b5-72ac-4a65-9e3f-d9811ed4046d\" body_line_height=\"1.6em\" border_color_all=\"gcid-9b5f26ad-ce0a-4e53-af90-9971f6694090\" border_color_bottom=\"gcid-9b5f26ad-ce0a-4e53-af90-9971f6694090\" locked=\"off\" global_colors_info=\"{%22gcid-9b5f26ad-ce0a-4e53-af90-9971f6694090%22:%91%22quote_icon_color%22,%22border_color_bottom%22,%22border_color_all%22%93}\"]<\/p><p><span style=\"font-weight: 400;\">\u00ab\u00a0Des personnes venaient \u00e0 Dhagpo Kagyu Ling, recevaient des enseignements, \u00e9tudiaient le Dharma, le pratiquaient, mais devaient ensuite retourner chez elles du fait de leurs obligations. C\u2019est donc la raison pour laquelle les KTT ont \u00e9t\u00e9 cr\u00e9\u00e9s. Il s\u2019agissait de donner \u00e0 ces personnes l\u2019opportunit\u00e9 de se relier, de se retrouver dans leur lieu de r\u00e9sidence. Cela, c\u2019\u00e9tait le but principal des KTT\u00a0: relier les personnes entre elles, offrir un acc\u00e8s au Dharma et les connecter ensuite \u00e0 Dhagpo.\u00a0\u00bb<\/span><\/p><p>[\/et_pb_testimonial][et_pb_text _builder_version=\"4.27.4\" _module_preset=\"default\" global_colors_info=\"{}\"]<\/p><p><span style=\"font-weight: 400;\"><strong>\u00c0 partir de 1980<\/strong>, <strong>Guendune Rinpoch\u00e9<\/strong> et lama Jigm\u00e9 Rinpoch\u00e9 sillonnent les villes de l\u2019Hexagone et au-del\u00e0, afin de soutenir l\u2019int\u00e9r\u00eat des disciples pour la cr\u00e9ation de tels centres urbains. <strong>Shamar Rinpoch\u00e9 <\/strong>et <strong>Jigm\u00e9 Rinpoch\u00e9<\/strong> se rendent \u00e0 Biarritz en 1980. Ce dernier y revient en 1981 avec Guendune Rinpoch\u00e9 et donne alors une conf\u00e9rence \u00e0 Bayonne.<\/span><\/p><p><span style=\"font-weight: 400;\">En <strong>1977<\/strong>, celui qui allait devenir le premier pr\u00e9sident du KTT de Biarritz, Eug\u00e8ne Deherme, avait assist\u00e9 \u00e0 la c\u00e9r\u00e9monie de la coiffe noire accomplie par le XVI<\/span><sup><span style=\"font-weight: 400;\">e<\/span><\/sup><span style=\"font-weight: 400;\"> Karmapa \u00e0 Dhagpo Kagyu Ling et avait pris refuge avec Sa Saintet\u00e9. Ce moment intense marquera sa m\u00e9moire.<\/span><\/p><p><span style=\"font-weight: 400;\">Comme le rapporte le n\u00b01 de la revue <\/span><i><span style=\"font-weight: 400;\">Tendrel<\/span><\/i><span style=\"font-weight: 400;\">, le premier KTT \u00e0 se constituer \u00e9tait celui de P\u00e9rigueux, mais sans structure juridique. La premi\u00e8re structure juridique est enregistr\u00e9e \u00e0 la sous-pr\u00e9fecture de Bayonne comme association r\u00e9gie par la loi 1901, et parait au <\/span><i><span style=\"font-weight: 400;\">Journal Officiel <\/span><\/i><span style=\"font-weight: 400;\">le 1<\/span><sup><span style=\"font-weight: 400;\">er <\/span><\/sup><span style=\"font-weight: 400;\">mars 1982.<\/span><\/p><p><span style=\"font-weight: 400;\">En <strong>avril 1982<\/strong>, soit un mois apr\u00e8s sa cr\u00e9ation, une quarantaine de personnes se r\u00e9unissent pour trois jours d\u2019enseignements avec Guendune Rinpoch\u00e9. Le KTT apporte \u00e9galement son <strong>soutien \u00e0 Anila Rinchen<\/strong> pour l\u2019accomplissement de la <strong>premi\u00e8re retraite<\/strong> de trois ans, trois mois et trois jours, en 1984. La mise en place des enseignements et des pratiques m\u00e9ditatives, le KTT organise en <strong>avril 1986 une semaine tib\u00e9taine<\/strong> avec une exposition sur l\u2019art tib\u00e9tain et plusieurs conf\u00e9rences au Mus\u00e9e Basque de Bayonne, afin de tisser des liens d\u2019ouverture avec la communaut\u00e9 locale.<\/span><\/p><p><span style=\"font-weight: 400;\">Une dynamique \u00e9tait lanc\u00e9e. Le KTT de Nantes est cr\u00e9\u00e9 en 1982, suivi par Pau, Bordeaux et La Rochelle en 1983, Clermont-Ferrand, Toulon, Poitiers et Perpignan, ainsi que Bilbao en 1984.<\/span><\/p><p><span style=\"font-weight: 400;\">Aujourd\u2019hui, <strong>54 centres urbains et 20 groupes du Dharma<\/strong> <strong>sont implant\u00e9s<\/strong> en France et dans plusieurs pays europ\u00e9ens (Belgique, Espagne, Italie\u2026), chacun ayant pour vocation de rassembler des personnes autour des enseignements, de la pratique et de l\u2019\u00e9tude. Au fil du temps, ces centres urbains \u00e9voluent,<strong> sous la guidance spirituelle de Jigm\u00e9 Rinpoch\u00e9.<\/strong> Le premier KTT devient Dhagpo Pays Basque, il est situ\u00e9 \u00e0 Anglet. Les KTT de la m\u00eame r\u00e9gion se f\u00e9d\u00e8rent, afin de pouvoir \u00e9changer et acc\u00e9der \u00e0 l\u2019enseignement de <\/span><i><span style=\"font-weight: 400;\">khenpos<\/span><\/i><span style=\"font-weight: 400;\"> et d\u2019<\/span><i><span style=\"font-weight: 400;\">acharyas<\/span><\/i><span style=\"font-weight: 400;\"> venus d\u2019Inde. Jigm\u00e9 Rinpoch\u00e9 pr\u00e9cise\u00a0: \u00ab\u00a0C\u2019est un travail en cours pour que l\u2019on acqui\u00e8re une meilleure \u00e9ducation dans le Dharma et pour que ceci puisse soutenir la pratique m\u00e9ditative.\u00a0\u00bb<\/span><\/p><p><span style=\"font-weight: 400;\">Les <strong>propos de Shamar Rinpoch\u00e9 en 1987,<\/strong> rapport\u00e9s dans le num\u00e9ro 11 de la revue <\/span><i><span style=\"font-weight: 400;\">Tendrel <\/span><\/i><span style=\"font-weight: 400;\">r\u00e9sonnent avec autant de pertinence aujourd\u2019hui\u00a0:<\/span><\/p><p>[\/et_pb_text][et_pb_testimonial author=\"Shamar Rinpoch\u00e9\" _builder_version=\"4.27.4\" _module_preset=\"572720b5-72ac-4a65-9e3f-d9811ed4046d\" body_line_height=\"1.6em\" border_color_all=\"gcid-9b5f26ad-ce0a-4e53-af90-9971f6694090\" border_color_bottom=\"gcid-9b5f26ad-ce0a-4e53-af90-9971f6694090\" locked=\"off\" global_colors_info=\"{%22gcid-9b5f26ad-ce0a-4e53-af90-9971f6694090%22:%91%22quote_icon_color%22,%22border_color_bottom%22,%22border_color_all%22%93}\"]<\/p><p><span style=\"font-weight: 400;\">\u00ab\u00a0Les KTT sont comme les fils d\u2019une trame tiss\u00e9e par Sa Saintet\u00e9 autour du monde et que je m\u2019efforce d\u2019\u00e9largir. Il est important que les membres de ces centres se sentent reli\u00e9s les uns aux autres, comme \u00e9tant autant de relais de l\u2019activit\u00e9 de Sa Saintet\u00e9 le Karmapa. La t\u00e2che des KTT est essentielle pour permettre l\u2019accomplissement du souhait de Sa Saintet\u00e9 d\u2019apporter le Dharma au plus grand nombre d\u2019\u00eatres.\u00a0\u00bb<\/span><\/p><p>[\/et_pb_testimonial][et_pb_text admin_label=\"KTT de \" _builder_version=\"4.27.4\" _module_preset=\"default\" custom_margin=\"20px||0px||false|false\" custom_padding=\"20px||||false|false\" global_colors_info=\"{}\"]<\/p><h2><span style=\"color: #ab0032;\">KTT Biarritz<\/span><\/h2><p><span style=\"color: #ab0032;\">Hier et aujourd'hui<\/span><\/p><p>[\/et_pb_text][et_pb_text admin_label=\"nextgen\" _builder_version=\"4.27.4\" _module_preset=\"default\" background_color=\"#d4b16a\" custom_margin=\"15px||15px||false|false\" custom_padding=\"0px|20px|15px|20px|false|false\" border_width_bottom=\"0px\" border_color_bottom=\"#ab0032\" locked=\"off\" global_colors_info=\"{}\"]<\/p>[ngg src=\"galleries\" ids=\"36\" exclusions=\"627,635,634,633,632,631,630,629,628,626,625,624,623,622,619,637,638,683,684,685\" sortorder=\"627,636,635,634,633,632,631,630,629,628,626,625,624,623,622,621,619,618,620\" display=\"pro_mosaic\"]<p>[\/et_pb_text][et_pb_text admin_label=\"KTT de \" _builder_version=\"4.27.4\" _module_preset=\"default\" custom_margin=\"20px||0px||false|false\" custom_padding=\"20px||||false|false\" global_colors_info=\"{}\"]<\/p><h2><span style=\"color: #ab0032;\">KTT Paris<\/span><\/h2><p><span style=\"color: #ab0032;\">Hier et aujourd'hui<\/span><\/p><p>[\/et_pb_text][et_pb_text admin_label=\"nextgen Paris\" _builder_version=\"4.27.4\" _module_preset=\"default\" background_color=\"#d4b16a\" custom_margin=\"15px||15px||false|false\" custom_padding=\"0px|20px|15px|20px|false|false\" locked=\"off\" global_colors_info=\"{}\"]<\/p>[ngg src=\"galleries\" ids=\"36\" exclusions=\"627,635,634,633,632,631,630,629,628,626,625,624,623,622,619,618,620,637,638\" sortorder=\"627,636,635,634,633,632,631,630,629,628,626,625,624,623,622,621,619,618,620\" display=\"pro_mosaic\"]<p>[\/et_pb_text][et_pb_text admin_label=\"KTT de \" _builder_version=\"4.27.4\" _module_preset=\"default\" custom_margin=\"20px||0px||false|false\" custom_padding=\"20px||||false|false\" global_colors_info=\"{}\"]<\/p><h2><span style=\"color: #ab0032;\">KTT Bordeaux<\/span><\/h2><p><span style=\"color: #ab0032;\">Hier et aujourd'hui<\/span><\/p><p>[\/et_pb_text][et_pb_text admin_label=\"nextgen Bordeaux\" _builder_version=\"4.27.4\" _module_preset=\"default\" background_color=\"#d4b16a\" custom_margin=\"15px||15px||false|false\" custom_padding=\"0px|20px|15px|20px|false|false\" locked=\"off\" global_colors_info=\"{}\"]<\/p>[ngg src=\"galleries\" ids=\"36\" exclusions=\"627,635,634,631,630,629,628,626,625,624,623,622,619,618,620,637,638,683,684,685\" sortorder=\"627,636,635,634,633,632,631,630,629,628,626,625,624,623,622,621,619,618,620\" display=\"pro_mosaic\"]<p>[\/et_pb_text][et_pb_text admin_label=\"KTT de \" _builder_version=\"4.27.4\" _module_preset=\"default\" custom_margin=\"20px||0px||false|false\" custom_padding=\"20px||||false|false\" global_colors_info=\"{}\"]<\/p><h2><span style=\"color: #ab0032;\">KTT Bilbao - Espagne<\/span><\/h2><p><span style=\"color: #ab0032;\">Hier et aujourd'hui<\/span><\/p><p>[\/et_pb_text][et_pb_text admin_label=\"nextgen Bilbao\" _builder_version=\"4.27.4\" _module_preset=\"default\" background_color=\"#d4b16a\" custom_margin=\"15px||15px||false|false\" custom_padding=\"0px|20px|15px|20px|false|false\" locked=\"off\" global_colors_info=\"{}\"]<\/p>[ngg src=\"galleries\" ids=\"36\" exclusions=\"627,635,634,633,632,631,630,629,628,626,625,624,622,619,618,620,683,684,685\" sortorder=\"627,635,634,633,632,631,630,629,628,626,625,624,622,619,618,620,638,637,623\" display=\"pro_mosaic\"]<p>[\/et_pb_text][et_pb_text admin_label=\"KTT de \" _builder_version=\"4.27.4\" _module_preset=\"default\" custom_margin=\"20px||0px||false|false\" custom_padding=\"20px||||false|false\" global_colors_info=\"{}\"]<\/p><h2><span style=\"color: #ab0032;\">KTT Poitiers<\/span><\/h2><p><span style=\"color: #ab0032;\">Hier et aujourd'hui<\/span><\/p><p>[\/et_pb_text][et_pb_text admin_label=\"nextgen\" _builder_version=\"4.27.4\" _module_preset=\"default\" background_color=\"#d4b16a\" custom_margin=\"15px||15px||false|false\" custom_padding=\"0px|20px|15px|20px|false|false\" locked=\"off\" global_colors_info=\"{}\"]<\/p>[ngg src=\"galleries\" ids=\"36\" exclusions=\"635,634,633,632,630,629,628,626,625,624,623,622,619,618,620,637,638,683,684,685\" sortorder=\"627,636,635,634,633,632,631,630,629,628,626,625,624,623,622,621,619,618,620\" display=\"pro_mosaic\"]<p>[\/et_pb_text][et_pb_text admin_label=\"KTT de \" _builder_version=\"4.27.4\" _module_preset=\"default\" custom_margin=\"20px||0px||false|false\" custom_padding=\"20px||||false|false\" global_colors_info=\"{}\"]<\/p><h2><span style=\"color: #ab0032;\">KTT Bruxelles<\/span><\/h2><p><span style=\"color: #ab0032;\">Hier et aujourd'hui<\/span><\/p><p>[\/et_pb_text][et_pb_text admin_label=\"nextgen Bruxelles\" _builder_version=\"4.27.4\" _module_preset=\"default\" background_color=\"#d4b16a\" custom_margin=\"15px||15px||false|false\" custom_padding=\"0px|20px|15px|20px|false|false\" locked=\"off\" global_colors_info=\"{}\"]<\/p>[ngg src=\"galleries\" ids=\"36\" exclusions=\"627,633,632,631,630,629,628,626,625,624,623,622,619,618,620,637,638,683,684,685\" sortorder=\"627,636,634,635,633,632,631,630,629,628,626,625,624,623,622,621,619,618,620\" display=\"pro_mosaic\"]<p>[\/et_pb_text][et_pb_text admin_label=\"KTT de \" _builder_version=\"4.27.4\" _module_preset=\"default\" custom_margin=\"20px||0px||false|false\" custom_padding=\"20px||||false|false\" global_colors_info=\"{}\"]<\/p><h2><span style=\"color: #ab0032;\">KTT Emilia-Romana Italie<\/span><\/h2><p><span style=\"color: #ab0032;\">Hier et aujourd'hui<\/span><\/p><p>[\/et_pb_text][et_pb_text admin_label=\"nextgen Emilia\" _builder_version=\"4.27.4\" _module_preset=\"default\" background_color=\"#d4b16a\" custom_margin=\"15px||15px||false|false\" custom_padding=\"0px|20px|15px|20px|false|false\" locked=\"off\" global_colors_info=\"{}\"]<\/p>[ngg src=\"galleries\" ids=\"36\" exclusions=\"627,635,634,633,632,631,628,626,625,624,623,622,619,618,620,637,638,683,684,685\" sortorder=\"627,636,635,634,633,632,631,629,630,628,626,625,624,623,622,621,619,618,620\" display=\"pro_mosaic\"]<p>[\/et_pb_text][et_pb_text disabled_on=\"on|on|off\" _builder_version=\"4.27.4\" _module_preset=\"default\" text_font=\"Roboto||||||||\" text_font_size=\"13px\" text_line_height=\"1em\" custom_padding=\"||0px|||\" locked=\"off\" global_colors_info=\"{}\"]<\/p><p style=\"text-align: center;\"><span style=\"color: #808080;\">Ces photos proviennent de nos archives ou ont \u00e9t\u00e9 recueillies dans le cadre des recherches pour les 50 ans de Dhagpo Kagyu Ling. Nous n'avons pas pu identifier tous les auteurs. L\u2019utilisation des photos est \u00e0 titre informatif dans le cadre de la c\u00e9l\u00e9bration des 50 ans de Dhagpo Kagyu Ling. Leur usage est limit\u00e9 \u00e0 cette actualit\u00e9 et \u00e0 notre site et n\u2019est pas \u00e0 usage commercial<\/span><\/p><p>[\/et_pb_text][\/et_pb_column_inner][\/et_pb_row_inner][\/et_pb_column][et_pb_column type=\"1_4\" _builder_version=\"4.16\" custom_padding=\"|||\" global_colors_info=\"{}\" custom_padding__hover=\"|||\"][et_pb_image src=\"http:\/\/dhagpo.org\/wp-content\/uploads\/2025\/02\/Tendrel-11_KSR.jpg\" alt=\"Tendrel 11\" title_text=\"Tendrel 11_KSR\" url=\"http:\/\/dhagpo.org\/wp-content\/uploads\/2025\/02\/Tendrel-11_KSR.pdf\" url_new_window=\"on\" _builder_version=\"4.27.4\" _module_preset=\"default\" background_color=\"#f7f7f3\" custom_margin=\"5px|5px|5px|5px|false|false\" custom_padding=\"5px|5px|5px|5px|false|false\" global_colors_info=\"{}\"][\/et_pb_image][et_pb_image src=\"http:\/\/dhagpo.org\/wp-content\/uploads\/2025\/02\/Couverture-de-la-brochure-de-presentation-KTT.jpg\" alt=\"Couverture de la brochure de pr\u00e9sentation KTT\" url=\"@ET-DC@eyJkeW5hbWljIjp0cnVlLCJjb250ZW50IjoicG9zdF9saW5rX3VybF9hdHRhY2htZW50Iiwic2V0dGluZ3MiOnsicG9zdF9pZCI6IjMxMzIxMiJ9fQ==@\" url_new_window=\"on\" _builder_version=\"4.27.4\" _dynamic_attributes=\"url\" _module_preset=\"default\" background_color=\"#f7f7f3\" custom_margin=\"5px|5px|5px|5px|false|false\" custom_padding=\"5px|5px|5px|5px|false|false\" global_colors_info=\"{}\"][\/et_pb_image][et_pb_image src=\"http:\/\/dhagpo.org\/wp-content\/uploads\/2025\/02\/Tendrel-1_premieres-KTT.jpg\" alt=\"Couverture Tendrel 1\" title_text=\"Tendrel 1_premieres KTT\" url=\"http:\/\/dhagpo.org\/wp-content\/uploads\/2025\/02\/Tendrel-1_premieres-KTT-1.pdf\" url_new_window=\"on\" _builder_version=\"4.27.4\" _module_preset=\"default\" background_color=\"#f7f7f3\" custom_margin=\"5px|5px|5px|5px|false|false\" custom_padding=\"5px|5px|5px|5px|false|false\" global_colors_info=\"{}\"][\/et_pb_image][et_pb_image src=\"http:\/\/dhagpo.org\/wp-content\/uploads\/2025\/02\/Extrait-Tendrel-2-1.jpg\" alt=\"Extrait Tendrel 2\" title_text=\"Extrait Tendrel 2\" url=\"http:\/\/dhagpo.org\/wp-content\/uploads\/2025\/02\/Tendrel-2_a-propos-des-KTT-1-1.pdf\" url_new_window=\"on\" _builder_version=\"4.27.4\" _module_preset=\"default\" background_color=\"#f7f7f3\" custom_margin=\"5px|5px|5px|5px|false|false\" custom_padding=\"5px|5px|5px|5px|false|false\" hover_enabled=\"0\" global_colors_info=\"{}\" sticky_enabled=\"0\"][\/et_pb_image][et_pb_image src=\"http:\/\/dhagpo.org\/wp-content\/uploads\/2025\/02\/Caratule-KTT-ligne-tu-temps.jpg\" alt=\"Caratule KTT ligne tu temps\" url=\"http:\/\/dhagpo.org\/wp-content\/uploads\/2025\/02\/Un-reseau-de-centres-dapprentissage-et-de-meditation-pour-acceder-au-bouddhisme-1.pdf\" url_new_window=\"on\" _builder_version=\"4.27.4\" _module_preset=\"default\" background_color=\"#f7f7f3\" custom_margin=\"5px|5px|5px|5px|false|false\" custom_padding=\"5px|5px|5px|5px|false|false\" global_colors_info=\"{}\"][\/et_pb_image][et_pb_gallery gallery_ids=\"313437,313404,313433\" posts_number=\"3\" show_pagination=\"off\" _builder_version=\"4.27.4\" _module_preset=\"default\" caption_font=\"||on||||||\" caption_text_align=\"center\" background_color=\"#f7f7f3\" text_orientation=\"center\" custom_margin=\"5px|5px|5px|5px|false|false\" custom_padding=\"5px|5px|0px|5px|false|false\" global_colors_info=\"{}\"][\/et_pb_gallery][et_pb_text disabled_on=\"off|off|on\" _builder_version=\"4.27.4\" _module_preset=\"default\" text_font=\"Roboto||||||||\" text_font_size=\"13px\" text_line_height=\"1em\" custom_padding=\"||0px|||\" locked=\"off\" global_colors_info=\"{}\"]<\/p><p style=\"text-align: center;\"><span style=\"color: #808080;\">Ces photos proviennent de nos archives ou ont \u00e9t\u00e9 recueillies dans le cadre des recherches pour les 50 ans de Dhagpo Kagyu Ling. Nous n'avons pas pu identifier tous les auteurs. L\u2019utilisation des photos est \u00e0 titre informatif dans le cadre de la c\u00e9l\u00e9bration des 50 ans de Dhagpo Kagyu Ling. Leur usage est limit\u00e9 \u00e0 cette actualit\u00e9 et \u00e0 notre site et n\u2019est pas \u00e0 usage commercial<\/span><\/p><p>[\/et_pb_text][\/et_pb_column][\/et_pb_section]<\/p>","_et_gb_content_width":"","ngg_post_thumbnail":0,"footnotes":""},"categories":[151],"tags":[],"class_list":["post-313896","post","type-post","status-publish","format-standard","hentry","category-50-ahre-geschichte","et-doesnt-have-format-content","et_post_format-et-post-format-standard"],"yoast_head":"<!-- This site is optimized with the Yoast SEO plugin v27.4 - https:\/\/yoast.com\/product\/yoast-seo-wordpress\/ -->\n<title>1. M\u00e4rz 1982 - Der Dharma kommt in die Stadt: Gr\u00fcndung des ersten st\u00e4dtischen Zentrums in Biarritz - Dhagpo Kagyu Ling<\/title>\n<meta name=\"robots\" content=\"index, follow, max-snippet:-1, max-image-preview:large, max-video-preview:-1\" \/>\n<link rel=\"canonical\" href=\"https:\/\/dhagpo.org\/1-mars-1982-premier-centre-urbain-biarritz\/\" \/>\n<meta property=\"og:locale\" content=\"de_DE\" \/>\n<meta property=\"og:type\" content=\"article\" \/>\n<meta property=\"og:title\" content=\"1. M\u00e4rz 1982 - Der Dharma kommt in die Stadt: Gr\u00fcndung des ersten st\u00e4dtischen Zentrums in Biarritz - Dhagpo Kagyu Ling\" \/>\n<meta property=\"og:description\" content=\"Karma Teksum Ch\u00f6ling. Schriften von Rangjung Rikp\u00e9 Dorj\u00e9, Seiner Heiligkeit dem 16. Gyalwa Karmapa.Eine M\u00f6glichkeit zu bieten, sich mit dem Dharma in der Stadt zu verbinden, in der N\u00e4he des [&hellip;]\" \/>\n<meta property=\"og:url\" content=\"https:\/\/dhagpo.org\/1-mars-1982-premier-centre-urbain-biarritz\/\" \/>\n<meta property=\"og:site_name\" content=\"Dhagpo Kagyu Ling\" \/>\n<meta property=\"article:published_time\" content=\"2025-02-26T10:04:03+00:00\" \/>\n<meta property=\"article:modified_time\" content=\"2025-02-26T21:41:31+00:00\" \/>\n<meta property=\"og:image\" content=\"http:\/\/dhagpo.org\/wp-content\/uploads\/2025\/01\/streaming.png\" \/>\n<meta name=\"author\" content=\"yone\" \/>\n<meta name=\"twitter:card\" content=\"summary_large_image\" \/>\n<meta name=\"twitter:label1\" content=\"Verfasst von\" \/>\n\t<meta name=\"twitter:data1\" content=\"yone\" \/>\n\t<meta name=\"twitter:label2\" content=\"Gesch\u00e4tzte Lesezeit\" \/>\n\t<meta name=\"twitter:data2\" content=\"7\u00a0Minuten\" \/>\n<script type=\"application\/ld+json\" class=\"yoast-schema-graph\">{\"@context\":\"https:\\\/\\\/schema.org\",\"@graph\":[{\"@type\":\"Article\",\"@id\":\"https:\\\/\\\/dhagpo.org\\\/1-mars-1982-premier-centre-urbain-biarritz\\\/#article\",\"isPartOf\":{\"@id\":\"https:\\\/\\\/dhagpo.org\\\/1-mars-1982-premier-centre-urbain-biarritz\\\/\"},\"author\":{\"name\":\"yone\",\"@id\":\"https:\\\/\\\/dhagpo.org\\\/#\\\/schema\\\/person\\\/5599c0ac81613f26c092fd8eb9b35828\"},\"headline\":\"1. M\u00e4rz 1982 &#8211; Der Dharma kommt in die Stadt: Gr\u00fcndung des ersten st\u00e4dtischen Zentrums in Biarritz\",\"datePublished\":\"2025-02-26T10:04:03+00:00\",\"dateModified\":\"2025-02-26T21:41:31+00:00\",\"mainEntityOfPage\":{\"@id\":\"https:\\\/\\\/dhagpo.org\\\/1-mars-1982-premier-centre-urbain-biarritz\\\/\"},\"wordCount\":2769,\"image\":{\"@id\":\"https:\\\/\\\/dhagpo.org\\\/1-mars-1982-premier-centre-urbain-biarritz\\\/#primaryimage\"},\"thumbnailUrl\":\"http:\\\/\\\/dhagpo.org\\\/wp-content\\\/uploads\\\/2025\\\/01\\\/streaming.png\",\"articleSection\":[\"50 Jahre Geschichte\"],\"inLanguage\":\"de\"},{\"@type\":\"WebPage\",\"@id\":\"https:\\\/\\\/dhagpo.org\\\/1-mars-1982-premier-centre-urbain-biarritz\\\/\",\"url\":\"https:\\\/\\\/dhagpo.org\\\/1-mars-1982-premier-centre-urbain-biarritz\\\/\",\"name\":\"1. M\u00e4rz 1982 - Der Dharma kommt in die Stadt: Gr\u00fcndung des ersten st\u00e4dtischen Zentrums in Biarritz - Dhagpo Kagyu Ling\",\"isPartOf\":{\"@id\":\"https:\\\/\\\/dhagpo.org\\\/#website\"},\"primaryImageOfPage\":{\"@id\":\"https:\\\/\\\/dhagpo.org\\\/1-mars-1982-premier-centre-urbain-biarritz\\\/#primaryimage\"},\"image\":{\"@id\":\"https:\\\/\\\/dhagpo.org\\\/1-mars-1982-premier-centre-urbain-biarritz\\\/#primaryimage\"},\"thumbnailUrl\":\"http:\\\/\\\/dhagpo.org\\\/wp-content\\\/uploads\\\/2025\\\/01\\\/streaming.png\",\"datePublished\":\"2025-02-26T10:04:03+00:00\",\"dateModified\":\"2025-02-26T21:41:31+00:00\",\"author\":{\"@id\":\"https:\\\/\\\/dhagpo.org\\\/#\\\/schema\\\/person\\\/5599c0ac81613f26c092fd8eb9b35828\"},\"breadcrumb\":{\"@id\":\"https:\\\/\\\/dhagpo.org\\\/1-mars-1982-premier-centre-urbain-biarritz\\\/#breadcrumb\"},\"inLanguage\":\"de\",\"potentialAction\":[{\"@type\":\"ReadAction\",\"target\":[\"https:\\\/\\\/dhagpo.org\\\/1-mars-1982-premier-centre-urbain-biarritz\\\/\"]}]},{\"@type\":\"ImageObject\",\"inLanguage\":\"de\",\"@id\":\"https:\\\/\\\/dhagpo.org\\\/1-mars-1982-premier-centre-urbain-biarritz\\\/#primaryimage\",\"url\":\"http:\\\/\\\/dhagpo.org\\\/wp-content\\\/uploads\\\/2025\\\/01\\\/streaming.png\",\"contentUrl\":\"http:\\\/\\\/dhagpo.org\\\/wp-content\\\/uploads\\\/2025\\\/01\\\/streaming.png\"},{\"@type\":\"BreadcrumbList\",\"@id\":\"https:\\\/\\\/dhagpo.org\\\/1-mars-1982-premier-centre-urbain-biarritz\\\/#breadcrumb\",\"itemListElement\":[{\"@type\":\"ListItem\",\"position\":1,\"name\":\"Accueil\",\"item\":\"https:\\\/\\\/dhagpo.org\\\/de\\\/\"},{\"@type\":\"ListItem\",\"position\":2,\"name\":\"50 ans d'Histoire\",\"item\":\"https:\\\/\\\/dhagpo.org\\\/categorie\\\/50-ans-dhistoire\\\/\"},{\"@type\":\"ListItem\",\"position\":3,\"name\":\"1. M\u00e4rz 1982 &#8211; Der Dharma kommt in die Stadt: Gr\u00fcndung des ersten st\u00e4dtischen Zentrums in Biarritz\"}]},{\"@type\":\"WebSite\",\"@id\":\"https:\\\/\\\/dhagpo.org\\\/#website\",\"url\":\"https:\\\/\\\/dhagpo.org\\\/\",\"name\":\"Dhagpo Kagyu Ling\",\"description\":\"Un lieu pour comprendre et vivre le bouddhisme\",\"potentialAction\":[{\"@type\":\"SearchAction\",\"target\":{\"@type\":\"EntryPoint\",\"urlTemplate\":\"https:\\\/\\\/dhagpo.org\\\/?s={search_term_string}\"},\"query-input\":{\"@type\":\"PropertyValueSpecification\",\"valueRequired\":true,\"valueName\":\"search_term_string\"}}],\"inLanguage\":\"de\"},{\"@type\":\"Person\",\"@id\":\"https:\\\/\\\/dhagpo.org\\\/#\\\/schema\\\/person\\\/5599c0ac81613f26c092fd8eb9b35828\",\"name\":\"yone\",\"image\":{\"@type\":\"ImageObject\",\"inLanguage\":\"de\",\"@id\":\"https:\\\/\\\/secure.gravatar.com\\\/avatar\\\/d2402f0f9017586164852f9c9592c4a7b0fc5867bd36e54b9b2d93bcf2eefb11?s=96&d=mm&r=g\",\"url\":\"https:\\\/\\\/secure.gravatar.com\\\/avatar\\\/d2402f0f9017586164852f9c9592c4a7b0fc5867bd36e54b9b2d93bcf2eefb11?s=96&d=mm&r=g\",\"contentUrl\":\"https:\\\/\\\/secure.gravatar.com\\\/avatar\\\/d2402f0f9017586164852f9c9592c4a7b0fc5867bd36e54b9b2d93bcf2eefb11?s=96&d=mm&r=g\",\"caption\":\"yone\"},\"url\":\"https:\\\/\\\/dhagpo.org\\\/de\\\/author\\\/yone\\\/\"}]}<\/script>\n<!-- \/ Yoast SEO plugin. -->","yoast_head_json":{"title":"1. M\u00e4rz 1982 - Der Dharma kommt in die Stadt: Gr\u00fcndung des ersten st\u00e4dtischen Zentrums in Biarritz - Dhagpo Kagyu Ling","robots":{"index":"index","follow":"follow","max-snippet":"max-snippet:-1","max-image-preview":"max-image-preview:large","max-video-preview":"max-video-preview:-1"},"canonical":"https:\/\/dhagpo.org\/1-mars-1982-premier-centre-urbain-biarritz\/","og_locale":"de_DE","og_type":"article","og_title":"1. M\u00e4rz 1982 - Der Dharma kommt in die Stadt: Gr\u00fcndung des ersten st\u00e4dtischen Zentrums in Biarritz - Dhagpo Kagyu Ling","og_description":"Karma Teksum Ch\u00f6ling. Schriften von Rangjung Rikp\u00e9 Dorj\u00e9, Seiner Heiligkeit dem 16. Gyalwa Karmapa.Eine M\u00f6glichkeit zu bieten, sich mit dem Dharma in der Stadt zu verbinden, in der N\u00e4he des [&hellip;]","og_url":"https:\/\/dhagpo.org\/1-mars-1982-premier-centre-urbain-biarritz\/","og_site_name":"Dhagpo Kagyu Ling","article_published_time":"2025-02-26T10:04:03+00:00","article_modified_time":"2025-02-26T21:41:31+00:00","og_image":[{"url":"http:\/\/dhagpo.org\/wp-content\/uploads\/2025\/01\/streaming.png","type":"","width":"","height":""}],"author":"yone","twitter_card":"summary_large_image","twitter_misc":{"Verfasst von":"yone","Gesch\u00e4tzte Lesezeit":"7\u00a0Minuten"},"schema":{"@context":"https:\/\/schema.org","@graph":[{"@type":"Article","@id":"https:\/\/dhagpo.org\/1-mars-1982-premier-centre-urbain-biarritz\/#article","isPartOf":{"@id":"https:\/\/dhagpo.org\/1-mars-1982-premier-centre-urbain-biarritz\/"},"author":{"name":"yone","@id":"https:\/\/dhagpo.org\/#\/schema\/person\/5599c0ac81613f26c092fd8eb9b35828"},"headline":"1. M\u00e4rz 1982 &#8211; Der Dharma kommt in die Stadt: Gr\u00fcndung des ersten st\u00e4dtischen Zentrums in Biarritz","datePublished":"2025-02-26T10:04:03+00:00","dateModified":"2025-02-26T21:41:31+00:00","mainEntityOfPage":{"@id":"https:\/\/dhagpo.org\/1-mars-1982-premier-centre-urbain-biarritz\/"},"wordCount":2769,"image":{"@id":"https:\/\/dhagpo.org\/1-mars-1982-premier-centre-urbain-biarritz\/#primaryimage"},"thumbnailUrl":"http:\/\/dhagpo.org\/wp-content\/uploads\/2025\/01\/streaming.png","articleSection":["50 Jahre Geschichte"],"inLanguage":"de"},{"@type":"WebPage","@id":"https:\/\/dhagpo.org\/1-mars-1982-premier-centre-urbain-biarritz\/","url":"https:\/\/dhagpo.org\/1-mars-1982-premier-centre-urbain-biarritz\/","name":"1. M\u00e4rz 1982 - Der Dharma kommt in die Stadt: Gr\u00fcndung des ersten st\u00e4dtischen Zentrums in Biarritz - Dhagpo Kagyu Ling","isPartOf":{"@id":"https:\/\/dhagpo.org\/#website"},"primaryImageOfPage":{"@id":"https:\/\/dhagpo.org\/1-mars-1982-premier-centre-urbain-biarritz\/#primaryimage"},"image":{"@id":"https:\/\/dhagpo.org\/1-mars-1982-premier-centre-urbain-biarritz\/#primaryimage"},"thumbnailUrl":"http:\/\/dhagpo.org\/wp-content\/uploads\/2025\/01\/streaming.png","datePublished":"2025-02-26T10:04:03+00:00","dateModified":"2025-02-26T21:41:31+00:00","author":{"@id":"https:\/\/dhagpo.org\/#\/schema\/person\/5599c0ac81613f26c092fd8eb9b35828"},"breadcrumb":{"@id":"https:\/\/dhagpo.org\/1-mars-1982-premier-centre-urbain-biarritz\/#breadcrumb"},"inLanguage":"de","potentialAction":[{"@type":"ReadAction","target":["https:\/\/dhagpo.org\/1-mars-1982-premier-centre-urbain-biarritz\/"]}]},{"@type":"ImageObject","inLanguage":"de","@id":"https:\/\/dhagpo.org\/1-mars-1982-premier-centre-urbain-biarritz\/#primaryimage","url":"http:\/\/dhagpo.org\/wp-content\/uploads\/2025\/01\/streaming.png","contentUrl":"http:\/\/dhagpo.org\/wp-content\/uploads\/2025\/01\/streaming.png"},{"@type":"BreadcrumbList","@id":"https:\/\/dhagpo.org\/1-mars-1982-premier-centre-urbain-biarritz\/#breadcrumb","itemListElement":[{"@type":"ListItem","position":1,"name":"Accueil","item":"https:\/\/dhagpo.org\/de\/"},{"@type":"ListItem","position":2,"name":"50 ans d'Histoire","item":"https:\/\/dhagpo.org\/categorie\/50-ans-dhistoire\/"},{"@type":"ListItem","position":3,"name":"1. M\u00e4rz 1982 &#8211; Der Dharma kommt in die Stadt: Gr\u00fcndung des ersten st\u00e4dtischen Zentrums in Biarritz"}]},{"@type":"WebSite","@id":"https:\/\/dhagpo.org\/#website","url":"https:\/\/dhagpo.org\/","name":"Dhagpo Kagyu Ling","description":"Un lieu pour comprendre et vivre le bouddhisme","potentialAction":[{"@type":"SearchAction","target":{"@type":"EntryPoint","urlTemplate":"https:\/\/dhagpo.org\/?s={search_term_string}"},"query-input":{"@type":"PropertyValueSpecification","valueRequired":true,"valueName":"search_term_string"}}],"inLanguage":"de"},{"@type":"Person","@id":"https:\/\/dhagpo.org\/#\/schema\/person\/5599c0ac81613f26c092fd8eb9b35828","name":"yone","image":{"@type":"ImageObject","inLanguage":"de","@id":"https:\/\/secure.gravatar.com\/avatar\/d2402f0f9017586164852f9c9592c4a7b0fc5867bd36e54b9b2d93bcf2eefb11?s=96&d=mm&r=g","url":"https:\/\/secure.gravatar.com\/avatar\/d2402f0f9017586164852f9c9592c4a7b0fc5867bd36e54b9b2d93bcf2eefb11?s=96&d=mm&r=g","contentUrl":"https:\/\/secure.gravatar.com\/avatar\/d2402f0f9017586164852f9c9592c4a7b0fc5867bd36e54b9b2d93bcf2eefb11?s=96&d=mm&r=g","caption":"yone"},"url":"https:\/\/dhagpo.org\/de\/author\/yone\/"}]}},"_links":{"self":[{"href":"https:\/\/dhagpo.org\/de\/wp-json\/wp\/v2\/posts\/313896","targetHints":{"allow":["GET"]}}],"collection":[{"href":"https:\/\/dhagpo.org\/de\/wp-json\/wp\/v2\/posts"}],"about":[{"href":"https:\/\/dhagpo.org\/de\/wp-json\/wp\/v2\/types\/post"}],"author":[{"embeddable":true,"href":"https:\/\/dhagpo.org\/de\/wp-json\/wp\/v2\/users\/8"}],"replies":[{"embeddable":true,"href":"https:\/\/dhagpo.org\/de\/wp-json\/wp\/v2\/comments?post=313896"}],"version-history":[{"count":9,"href":"https:\/\/dhagpo.org\/de\/wp-json\/wp\/v2\/posts\/313896\/revisions"}],"predecessor-version":[{"id":314061,"href":"https:\/\/dhagpo.org\/de\/wp-json\/wp\/v2\/posts\/313896\/revisions\/314061"}],"wp:attachment":[{"href":"https:\/\/dhagpo.org\/de\/wp-json\/wp\/v2\/media?parent=313896"}],"wp:term":[{"taxonomy":"category","embeddable":true,"href":"https:\/\/dhagpo.org\/de\/wp-json\/wp\/v2\/categories?post=313896"},{"taxonomy":"post_tag","embeddable":true,"href":"https:\/\/dhagpo.org\/de\/wp-json\/wp\/v2\/tags?post=313896"}],"curies":[{"name":"wp","href":"https:\/\/api.w.org\/{rel}","templated":true}]}}