{"id":344456,"date":"2026-08-31T15:59:12","date_gmt":"2026-08-31T13:59:12","guid":{"rendered":"https:\/\/dhagpo.org\/?p=344456"},"modified":"2026-08-31T15:59:18","modified_gmt":"2026-08-31T13:59:18","slug":"karmapa-besucht-buddhistische-zentrum-schwarzenberg","status":"publish","type":"post","link":"https:\/\/dhagpo.org\/de\/karmapa-besucht-buddhistische-zentrum-schwarzenberg\/","title":{"rendered":"Karmapa besucht das buddhistische Zentrum in Schwarzenberg"},"content":{"rendered":"<p>[et_pb_section fb_built=&#8220;1&#8243; _builder_version=&#8220;4.20.4&#8243; _module_preset=&#8220;bc6e1fac-9f22-417c-b154-28c2f2560b87&#8243; custom_margin=&#8220;20px||0px||false|false&#8220; custom_padding=&#8220;0px||0px||false|false&#8220; global_colors_info=&#8220;{}&#8220;][et_pb_row column_structure=&#8220;2_3,1_3&#8243; _builder_version=&#8220;4.20.1&#8243; _module_preset=&#8220;37ed24d0-880c-4fb3-a20a-247795bb4485&#8243; border_color_bottom=&#8220;gcid-ff546895-bc31-42f8-9f91-55d8ace67ab2&#8243; border_style_bottom=&#8220;dotted&#8220; global_colors_info=&#8220;{%22gcid-ff546895-bc31-42f8-9f91-55d8ace67ab2%22:%91%22border_color_bottom%22%93}&#8220;][et_pb_column type=&#8220;2_3&#8243; _builder_version=&#8220;4.20.1&#8243; _module_preset=&#8220;default&#8220; global_colors_info=&#8220;{}&#8220;][et_pb_text ol_position=&#8220;outside&#8220; admin_label=&#8220;introduction&#8220; _builder_version=&#8220;4.27.6&#8243; _module_preset=&#8220;162ae72b-1274-4b1b-8c20-5cc47c82efe8&#8243; hover_enabled=&#8220;0&#8243; global_colors_info=&#8220;{}&#8220; sticky_enabled=&#8220;0&#8243;]<\/p>\n<p>30. August 2026<\/p>\n<p>Am 19. August verlie\u00df Thaye Dorje, Seine Heiligkeit der 17. Gyalwa Karmapa, das Europe Center, um das buddhistische Zentrum in Schwarzenberg zu besuchen, das im wundersch\u00f6nen Allg\u00e4u in S\u00fcddeutschland liegt.<\/p>\n<p>Seit mehreren Jahrzehnten gibt es in diesem Zentrum sowohl eine Bodhi-Path-Gruppe als auch eine Diamond-Way-Gruppe, die unter einem Dach gemeinsam den Dharma praktizieren.<\/p>\n<p>Die Ankunft des Karmapa fiel mit der feierlichen \u00dcbergabe des gesamten Geb\u00e4udes an die Karmapa-Stiftung Schwarzenberg zusammen. Im Rahmen dieser Feier wurden dem Karmapa die offiziellen Urkunden \u00fcberreicht. Im Garten waren Tische aufgestellt worden, an denen sich Mitglieder und Freunde des Zentrums in einer herzlichen und festlichen Atmosph\u00e4re versammelten. Der Vorsitzende der Stiftung hielt eine Rede, woraufhin Karmapa zu den Anwesenden sprach, ihre Fragen beantwortete und ihnen seinen Segen gab.<\/p>\n<p>In den folgenden Tagen segnete der Karmapa das Zentrum und traf sich mit mehreren langj\u00e4hrigen Mitgliedern der Sangha. An seinem letzten Abend kam er mit den beiden Sanghas im Tempel zu einer ausgiebigen Frage-und-Antwort-Runde zusammen.<br \/>Karmapa reiste am 22. August aus Schwarzenberg ab, weiter nach Dhagpo K\u00fcndr\u00f6l Ling in Frankreich.<\/p>\n<p>[\/et_pb_text][et_pb_gallery gallery_ids=&#8220;344435,344451,344447,344439&#8243; _builder_version=&#8220;4.27.6&#8243; _module_preset=&#8220;default&#8220; hover_enabled=&#8220;0&#8243; global_colors_info=&#8220;{}&#8220; sticky_enabled=&#8220;0&#8243;][\/et_pb_gallery][et_pb_button button_url=&#8220;https:\/\/www.karmapa.org\/karmapa-visits-schwarzenberg-buddhist-centre\/&#8220; url_new_window=&#8220;on&#8220; button_text=&#8220;Gesamtes Album ansehen&#8220; button_alignment=&#8220;center&#8220; _builder_version=&#8220;4.27.6&#8243; _module_preset=&#8220;_initial&#8220; hover_enabled=&#8220;0&#8243; button_text_color_tablet=&#8220;#aa0335&#8243; button_text_color_phone=&#8220;#aa0335&#8243; locked=&#8220;off&#8220; global_colors_info=&#8220;{%22gcid-41b3cfed-6a52-4ba1-8b80-495f2d9c470a%22:%91%22button_bg_color__hover%22%93}&#8220; button_bg_color__hover=&#8220;gcid-41b3cfed-6a52-4ba1-8b80-495f2d9c470a&#8220; sticky_enabled=&#8220;0&#8243;][\/et_pb_button][\/et_pb_column][et_pb_column type=&#8220;1_3&#8243; _builder_version=&#8220;4.20.1&#8243; _module_preset=&#8220;default&#8220; global_colors_info=&#8220;{}&#8220;][et_pb_image src=&#8220;@ET-DC@eyJkeW5hbWljIjp0cnVlLCJjb250ZW50IjoicG9zdF9mZWF0dXJlZF9pbWFnZSIsInNldHRpbmdzIjp7fX0=@&#8220; show_in_lightbox=&#8220;on&#8220; _builder_version=&#8220;4.27.6&#8243; _dynamic_attributes=&#8220;src&#8220; _module_preset=&#8220;default&#8220; global_colors_info=&#8220;{}&#8220;][\/et_pb_image][\/et_pb_column][\/et_pb_row][\/et_pb_section]<\/p>\n","protected":false},"excerpt":{"rendered":"<p>30. August 2026Am 19. August verlie\u00df Thaye Dorje, Seine Heiligkeit der 17. Gyalwa Karmapa, das Europe Center, um das buddhistische Zentrum in Schwarzenberg zu besuchen, das im wundersch\u00f6nen Allg\u00e4u in [&hellip;]<\/p>\n","protected":false},"author":8,"featured_media":344443,"comment_status":"closed","ping_status":"closed","sticky":false,"template":"","format":"standard","meta":{"_et_pb_use_builder":"on","_et_pb_old_content":"<p>[et_pb_section fb_built=\"1\" _builder_version=\"4.20.4\" _module_preset=\"bc6e1fac-9f22-417c-b154-28c2f2560b87\" custom_margin=\"20px||0px||false|false\" custom_padding=\"0px||0px||false|false\" global_colors_info=\"{}\"][et_pb_row column_structure=\"2_3,1_3\" _builder_version=\"4.20.1\" _module_preset=\"37ed24d0-880c-4fb3-a20a-247795bb4485\" border_color_bottom=\"gcid-ff546895-bc31-42f8-9f91-55d8ace67ab2\" border_style_bottom=\"dotted\" global_colors_info=\"{%22gcid-ff546895-bc31-42f8-9f91-55d8ace67ab2%22:%91%22border_color_bottom%22%93}\"][et_pb_column type=\"2_3\" _builder_version=\"4.20.1\" _module_preset=\"default\" global_colors_info=\"{}\"][et_pb_text ol_position=\"outside\" admin_label=\"introduction\" _builder_version=\"4.27.6\" _module_preset=\"162ae72b-1274-4b1b-8c20-5cc47c82efe8\" hover_enabled=\"0\" global_colors_info=\"{}\" sticky_enabled=\"0\"]<\/p><p>Le 30 ao\u00fbt 2026<\/p><p>Le 19 ao\u00fbt, Thay\u00e9 Dorj\u00e9, Sa Saintet\u00e9 le XVII<sup>e<\/sup> Gyalwa Karmapa, a quitt\u00e9 Europe Center pour se rendre au centre bouddhiste de Schwarzenberg, situ\u00e9 dans la magnifique r\u00e9gion de l\u2019Allg\u00e4u, dans le sud de l\u2019Allemagne.<br>Depuis plusieurs d\u00e9cennies, le centre accueille \u00e0 la fois un groupe Bodhi Path et un groupe Diamond Way, qui partagent le m\u00eame toit dans un esprit de pratique du Dharma.<\/p><p>L\u2019arriv\u00e9e de Karmapa a co\u00efncid\u00e9 avec une joyeuse c\u00e9l\u00e9bration marquant le transfert de l\u2019ensemble du b\u00e2timent \u00e0 la Fondation Karmapa de Schwarzenberg. Les documents officiels ont \u00e9t\u00e9 remis au Karmapa au cours de ce rassemblement. Des tables avaient \u00e9t\u00e9 dress\u00e9es dans le jardin, o\u00f9 les membres et les amis du centre se sont retrouv\u00e9s dans une ambiance chaleureuse et festive. Le pr\u00e9sident de la fondation a prononc\u00e9 un discours, apr\u00e8s quoi Karmapa s\u2019est adress\u00e9 aux personnes pr\u00e9sentes, a r\u00e9pondu \u00e0 leurs questions et leur a donn\u00e9 sa b\u00e9n\u00e9diction.<\/p><p>Au cours des jours suivants, Karmapa a b\u00e9ni le centre et rencontr\u00e9 plusieurs membres de longue date de la sangha. Lors de sa derni\u00e8re soir\u00e9e, il a rejoint les deux sanghas dans le temple pour une longue s\u00e9ance de questions-r\u00e9ponses.<\/p><p>Karmapa a quitt\u00e9 Schwarzenberg le 22 ao\u00fbt pour poursuivre son voyage vers Dhagpo Kundreul Ling, en France.<\/p><p>[\/et_pb_text][et_pb_gallery gallery_ids=\"344433,344449,344445,344437\" _builder_version=\"4.27.6\" _module_preset=\"default\" hover_enabled=\"0\" global_colors_info=\"{}\" sticky_enabled=\"0\"][\/et_pb_gallery][et_pb_button button_url=\"https:\/\/www.karmapa.org\/karmapa-visits-schwarzenberg-buddhist-centre\/\" url_new_window=\"on\" button_text=\"Voir l'album entier\" button_alignment=\"center\" _builder_version=\"4.27.6\" _module_preset=\"_initial\" hover_enabled=\"0\" button_text_color_tablet=\"#aa0335\" button_text_color_phone=\"#aa0335\" locked=\"off\" global_colors_info=\"{%22gcid-41b3cfed-6a52-4ba1-8b80-495f2d9c470a%22:%91%22button_bg_color__hover%22%93}\" button_bg_color__hover=\"gcid-41b3cfed-6a52-4ba1-8b80-495f2d9c470a\" sticky_enabled=\"0\"][\/et_pb_button][\/et_pb_column][et_pb_column type=\"1_3\" _builder_version=\"4.20.1\" _module_preset=\"default\" global_colors_info=\"{}\"][et_pb_image src=\"@ET-DC@eyJkeW5hbWljIjp0cnVlLCJjb250ZW50IjoicG9zdF9mZWF0dXJlZF9pbWFnZSIsInNldHRpbmdzIjp7fX0=@\" show_in_lightbox=\"on\" _builder_version=\"4.27.6\" _dynamic_attributes=\"src\" _module_preset=\"default\" global_colors_info=\"{}\"][\/et_pb_image][\/et_pb_column][\/et_pb_row][\/et_pb_section]<\/p>","_et_gb_content_width":"","ngg_post_thumbnail":0,"footnotes":""},"categories":[123],"tags":[],"class_list":["post-344456","post","type-post","status-publish","format-standard","has-post-thumbnail","hentry","category-karmapa-de","et-has-post-format-content","et_post_format-et-post-format-standard"],"yoast_head":"<!-- This site is optimized with the Yoast SEO plugin v27.4 - https:\/\/yoast.com\/product\/yoast-seo-wordpress\/ -->\n<title>Karmapa besucht das buddhistische Zentrum in Schwarzenberg - Dhagpo Kagyu Ling<\/title>\n<meta name=\"robots\" content=\"index, follow, max-snippet:-1, max-image-preview:large, max-video-preview:-1\" \/>\n<link rel=\"canonical\" href=\"https:\/\/dhagpo.org\/de\/karmapa-besucht-buddhistische-zentrum-schwarzenberg\/\" \/>\n<meta property=\"og:locale\" content=\"de_DE\" \/>\n<meta property=\"og:type\" content=\"article\" \/>\n<meta property=\"og:title\" content=\"Karmapa besucht das buddhistische Zentrum in Schwarzenberg - Dhagpo Kagyu Ling\" \/>\n<meta property=\"og:description\" content=\"30. August 2026Am 19. August verlie\u00df Thaye Dorje, Seine Heiligkeit der 17. Gyalwa Karmapa, das Europe Center, um das buddhistische Zentrum in Schwarzenberg zu besuchen, das im wundersch\u00f6nen Allg\u00e4u in [&hellip;]\" \/>\n<meta property=\"og:url\" content=\"https:\/\/dhagpo.org\/de\/karmapa-besucht-buddhistische-zentrum-schwarzenberg\/\" \/>\n<meta property=\"og:site_name\" content=\"Dhagpo Kagyu Ling\" \/>\n<meta property=\"article:published_time\" content=\"2026-08-31T13:59:12+00:00\" \/>\n<meta property=\"article:modified_time\" content=\"2026-08-31T13:59:18+00:00\" \/>\n<meta property=\"og:image\" content=\"https:\/\/dhagpo.org\/wp-content\/uploads\/2026\/08\/Tokpa-Korlo-Schwarzenberg-Final-21.jpg\" \/>\n\t<meta property=\"og:image:width\" content=\"1350\" \/>\n\t<meta property=\"og:image:height\" content=\"900\" \/>\n\t<meta property=\"og:image:type\" content=\"image\/jpeg\" \/>\n<meta name=\"author\" content=\"yone\" \/>\n<meta name=\"twitter:card\" content=\"summary_large_image\" \/>\n<meta name=\"twitter:label1\" content=\"Verfasst von\" \/>\n\t<meta name=\"twitter:data1\" content=\"yone\" \/>\n\t<meta name=\"twitter:label2\" content=\"Gesch\u00e4tzte Lesezeit\" \/>\n\t<meta name=\"twitter:data2\" content=\"2\u00a0Minuten\" \/>\n<script type=\"application\/ld+json\" class=\"yoast-schema-graph\">{\"@context\":\"https:\\\/\\\/schema.org\",\"@graph\":[{\"@type\":\"Article\",\"@id\":\"https:\\\/\\\/dhagpo.org\\\/de\\\/karmapa-besucht-buddhistische-zentrum-schwarzenberg\\\/#article\",\"isPartOf\":{\"@id\":\"https:\\\/\\\/dhagpo.org\\\/de\\\/karmapa-besucht-buddhistische-zentrum-schwarzenberg\\\/\"},\"author\":{\"name\":\"yone\",\"@id\":\"https:\\\/\\\/dhagpo.org\\\/#\\\/schema\\\/person\\\/5599c0ac81613f26c092fd8eb9b35828\"},\"headline\":\"Karmapa besucht das buddhistische Zentrum in Schwarzenberg\",\"datePublished\":\"2026-08-31T13:59:12+00:00\",\"dateModified\":\"2026-08-31T13:59:18+00:00\",\"mainEntityOfPage\":{\"@id\":\"https:\\\/\\\/dhagpo.org\\\/de\\\/karmapa-besucht-buddhistische-zentrum-schwarzenberg\\\/\"},\"wordCount\":475,\"image\":{\"@id\":\"https:\\\/\\\/dhagpo.org\\\/de\\\/karmapa-besucht-buddhistische-zentrum-schwarzenberg\\\/#primaryimage\"},\"thumbnailUrl\":\"https:\\\/\\\/dhagpo.org\\\/wp-content\\\/uploads\\\/2026\\\/08\\\/Tokpa-Korlo-Schwarzenberg-Final-21.jpg\",\"articleSection\":[\"Karmapa.org\"],\"inLanguage\":\"de\"},{\"@type\":\"WebPage\",\"@id\":\"https:\\\/\\\/dhagpo.org\\\/de\\\/karmapa-besucht-buddhistische-zentrum-schwarzenberg\\\/\",\"url\":\"https:\\\/\\\/dhagpo.org\\\/de\\\/karmapa-besucht-buddhistische-zentrum-schwarzenberg\\\/\",\"name\":\"Karmapa besucht das buddhistische Zentrum in Schwarzenberg - Dhagpo Kagyu Ling\",\"isPartOf\":{\"@id\":\"https:\\\/\\\/dhagpo.org\\\/#website\"},\"primaryImageOfPage\":{\"@id\":\"https:\\\/\\\/dhagpo.org\\\/de\\\/karmapa-besucht-buddhistische-zentrum-schwarzenberg\\\/#primaryimage\"},\"image\":{\"@id\":\"https:\\\/\\\/dhagpo.org\\\/de\\\/karmapa-besucht-buddhistische-zentrum-schwarzenberg\\\/#primaryimage\"},\"thumbnailUrl\":\"https:\\\/\\\/dhagpo.org\\\/wp-content\\\/uploads\\\/2026\\\/08\\\/Tokpa-Korlo-Schwarzenberg-Final-21.jpg\",\"datePublished\":\"2026-08-31T13:59:12+00:00\",\"dateModified\":\"2026-08-31T13:59:18+00:00\",\"author\":{\"@id\":\"https:\\\/\\\/dhagpo.org\\\/#\\\/schema\\\/person\\\/5599c0ac81613f26c092fd8eb9b35828\"},\"breadcrumb\":{\"@id\":\"https:\\\/\\\/dhagpo.org\\\/de\\\/karmapa-besucht-buddhistische-zentrum-schwarzenberg\\\/#breadcrumb\"},\"inLanguage\":\"de\",\"potentialAction\":[{\"@type\":\"ReadAction\",\"target\":[\"https:\\\/\\\/dhagpo.org\\\/de\\\/karmapa-besucht-buddhistische-zentrum-schwarzenberg\\\/\"]}]},{\"@type\":\"ImageObject\",\"inLanguage\":\"de\",\"@id\":\"https:\\\/\\\/dhagpo.org\\\/de\\\/karmapa-besucht-buddhistische-zentrum-schwarzenberg\\\/#primaryimage\",\"url\":\"https:\\\/\\\/dhagpo.org\\\/wp-content\\\/uploads\\\/2026\\\/08\\\/Tokpa-Korlo-Schwarzenberg-Final-21.jpg\",\"contentUrl\":\"https:\\\/\\\/dhagpo.org\\\/wp-content\\\/uploads\\\/2026\\\/08\\\/Tokpa-Korlo-Schwarzenberg-Final-21.jpg\",\"width\":1350,\"height\":900},{\"@type\":\"BreadcrumbList\",\"@id\":\"https:\\\/\\\/dhagpo.org\\\/de\\\/karmapa-besucht-buddhistische-zentrum-schwarzenberg\\\/#breadcrumb\",\"itemListElement\":[{\"@type\":\"ListItem\",\"position\":1,\"name\":\"Accueil\",\"item\":\"https:\\\/\\\/dhagpo.org\\\/de\\\/\"},{\"@type\":\"ListItem\",\"position\":2,\"name\":\"Karmapa.org\",\"item\":\"https:\\\/\\\/dhagpo.org\\\/categorie\\\/karmapa\\\/\"},{\"@type\":\"ListItem\",\"position\":3,\"name\":\"Karmapa besucht das buddhistische Zentrum in Schwarzenberg\"}]},{\"@type\":\"WebSite\",\"@id\":\"https:\\\/\\\/dhagpo.org\\\/#website\",\"url\":\"https:\\\/\\\/dhagpo.org\\\/\",\"name\":\"Dhagpo Kagyu Ling\",\"description\":\"Un lieu pour comprendre et vivre le bouddhisme\",\"potentialAction\":[{\"@type\":\"SearchAction\",\"target\":{\"@type\":\"EntryPoint\",\"urlTemplate\":\"https:\\\/\\\/dhagpo.org\\\/?s={search_term_string}\"},\"query-input\":{\"@type\":\"PropertyValueSpecification\",\"valueRequired\":true,\"valueName\":\"search_term_string\"}}],\"inLanguage\":\"de\"},{\"@type\":\"Person\",\"@id\":\"https:\\\/\\\/dhagpo.org\\\/#\\\/schema\\\/person\\\/5599c0ac81613f26c092fd8eb9b35828\",\"name\":\"yone\",\"image\":{\"@type\":\"ImageObject\",\"inLanguage\":\"de\",\"@id\":\"https:\\\/\\\/secure.gravatar.com\\\/avatar\\\/d2402f0f9017586164852f9c9592c4a7b0fc5867bd36e54b9b2d93bcf2eefb11?s=96&d=mm&r=g\",\"url\":\"https:\\\/\\\/secure.gravatar.com\\\/avatar\\\/d2402f0f9017586164852f9c9592c4a7b0fc5867bd36e54b9b2d93bcf2eefb11?s=96&d=mm&r=g\",\"contentUrl\":\"https:\\\/\\\/secure.gravatar.com\\\/avatar\\\/d2402f0f9017586164852f9c9592c4a7b0fc5867bd36e54b9b2d93bcf2eefb11?s=96&d=mm&r=g\",\"caption\":\"yone\"},\"url\":\"https:\\\/\\\/dhagpo.org\\\/de\\\/author\\\/yone\\\/\"}]}<\/script>\n<!-- \/ Yoast SEO plugin. -->","yoast_head_json":{"title":"Karmapa besucht das buddhistische Zentrum in Schwarzenberg - Dhagpo Kagyu Ling","robots":{"index":"index","follow":"follow","max-snippet":"max-snippet:-1","max-image-preview":"max-image-preview:large","max-video-preview":"max-video-preview:-1"},"canonical":"https:\/\/dhagpo.org\/de\/karmapa-besucht-buddhistische-zentrum-schwarzenberg\/","og_locale":"de_DE","og_type":"article","og_title":"Karmapa besucht das buddhistische Zentrum in Schwarzenberg - Dhagpo Kagyu Ling","og_description":"30. August 2026Am 19. August verlie\u00df Thaye Dorje, Seine Heiligkeit der 17. Gyalwa Karmapa, das Europe Center, um das buddhistische Zentrum in Schwarzenberg zu besuchen, das im wundersch\u00f6nen Allg\u00e4u in [&hellip;]","og_url":"https:\/\/dhagpo.org\/de\/karmapa-besucht-buddhistische-zentrum-schwarzenberg\/","og_site_name":"Dhagpo Kagyu Ling","article_published_time":"2026-08-31T13:59:12+00:00","article_modified_time":"2026-08-31T13:59:18+00:00","og_image":[{"width":1350,"height":900,"url":"https:\/\/dhagpo.org\/wp-content\/uploads\/2026\/08\/Tokpa-Korlo-Schwarzenberg-Final-21.jpg","type":"image\/jpeg"}],"author":"yone","twitter_card":"summary_large_image","twitter_misc":{"Verfasst von":"yone","Gesch\u00e4tzte Lesezeit":"2\u00a0Minuten"},"schema":{"@context":"https:\/\/schema.org","@graph":[{"@type":"Article","@id":"https:\/\/dhagpo.org\/de\/karmapa-besucht-buddhistische-zentrum-schwarzenberg\/#article","isPartOf":{"@id":"https:\/\/dhagpo.org\/de\/karmapa-besucht-buddhistische-zentrum-schwarzenberg\/"},"author":{"name":"yone","@id":"https:\/\/dhagpo.org\/#\/schema\/person\/5599c0ac81613f26c092fd8eb9b35828"},"headline":"Karmapa besucht das buddhistische Zentrum in Schwarzenberg","datePublished":"2026-08-31T13:59:12+00:00","dateModified":"2026-08-31T13:59:18+00:00","mainEntityOfPage":{"@id":"https:\/\/dhagpo.org\/de\/karmapa-besucht-buddhistische-zentrum-schwarzenberg\/"},"wordCount":475,"image":{"@id":"https:\/\/dhagpo.org\/de\/karmapa-besucht-buddhistische-zentrum-schwarzenberg\/#primaryimage"},"thumbnailUrl":"https:\/\/dhagpo.org\/wp-content\/uploads\/2026\/08\/Tokpa-Korlo-Schwarzenberg-Final-21.jpg","articleSection":["Karmapa.org"],"inLanguage":"de"},{"@type":"WebPage","@id":"https:\/\/dhagpo.org\/de\/karmapa-besucht-buddhistische-zentrum-schwarzenberg\/","url":"https:\/\/dhagpo.org\/de\/karmapa-besucht-buddhistische-zentrum-schwarzenberg\/","name":"Karmapa besucht das buddhistische Zentrum in Schwarzenberg - Dhagpo Kagyu Ling","isPartOf":{"@id":"https:\/\/dhagpo.org\/#website"},"primaryImageOfPage":{"@id":"https:\/\/dhagpo.org\/de\/karmapa-besucht-buddhistische-zentrum-schwarzenberg\/#primaryimage"},"image":{"@id":"https:\/\/dhagpo.org\/de\/karmapa-besucht-buddhistische-zentrum-schwarzenberg\/#primaryimage"},"thumbnailUrl":"https:\/\/dhagpo.org\/wp-content\/uploads\/2026\/08\/Tokpa-Korlo-Schwarzenberg-Final-21.jpg","datePublished":"2026-08-31T13:59:12+00:00","dateModified":"2026-08-31T13:59:18+00:00","author":{"@id":"https:\/\/dhagpo.org\/#\/schema\/person\/5599c0ac81613f26c092fd8eb9b35828"},"breadcrumb":{"@id":"https:\/\/dhagpo.org\/de\/karmapa-besucht-buddhistische-zentrum-schwarzenberg\/#breadcrumb"},"inLanguage":"de","potentialAction":[{"@type":"ReadAction","target":["https:\/\/dhagpo.org\/de\/karmapa-besucht-buddhistische-zentrum-schwarzenberg\/"]}]},{"@type":"ImageObject","inLanguage":"de","@id":"https:\/\/dhagpo.org\/de\/karmapa-besucht-buddhistische-zentrum-schwarzenberg\/#primaryimage","url":"https:\/\/dhagpo.org\/wp-content\/uploads\/2026\/08\/Tokpa-Korlo-Schwarzenberg-Final-21.jpg","contentUrl":"https:\/\/dhagpo.org\/wp-content\/uploads\/2026\/08\/Tokpa-Korlo-Schwarzenberg-Final-21.jpg","width":1350,"height":900},{"@type":"BreadcrumbList","@id":"https:\/\/dhagpo.org\/de\/karmapa-besucht-buddhistische-zentrum-schwarzenberg\/#breadcrumb","itemListElement":[{"@type":"ListItem","position":1,"name":"Accueil","item":"https:\/\/dhagpo.org\/de\/"},{"@type":"ListItem","position":2,"name":"Karmapa.org","item":"https:\/\/dhagpo.org\/categorie\/karmapa\/"},{"@type":"ListItem","position":3,"name":"Karmapa besucht das buddhistische Zentrum in Schwarzenberg"}]},{"@type":"WebSite","@id":"https:\/\/dhagpo.org\/#website","url":"https:\/\/dhagpo.org\/","name":"Dhagpo Kagyu Ling","description":"Un lieu pour comprendre et vivre le bouddhisme","potentialAction":[{"@type":"SearchAction","target":{"@type":"EntryPoint","urlTemplate":"https:\/\/dhagpo.org\/?s={search_term_string}"},"query-input":{"@type":"PropertyValueSpecification","valueRequired":true,"valueName":"search_term_string"}}],"inLanguage":"de"},{"@type":"Person","@id":"https:\/\/dhagpo.org\/#\/schema\/person\/5599c0ac81613f26c092fd8eb9b35828","name":"yone","image":{"@type":"ImageObject","inLanguage":"de","@id":"https:\/\/secure.gravatar.com\/avatar\/d2402f0f9017586164852f9c9592c4a7b0fc5867bd36e54b9b2d93bcf2eefb11?s=96&d=mm&r=g","url":"https:\/\/secure.gravatar.com\/avatar\/d2402f0f9017586164852f9c9592c4a7b0fc5867bd36e54b9b2d93bcf2eefb11?s=96&d=mm&r=g","contentUrl":"https:\/\/secure.gravatar.com\/avatar\/d2402f0f9017586164852f9c9592c4a7b0fc5867bd36e54b9b2d93bcf2eefb11?s=96&d=mm&r=g","caption":"yone"},"url":"https:\/\/dhagpo.org\/de\/author\/yone\/"}]}},"_links":{"self":[{"href":"https:\/\/dhagpo.org\/de\/wp-json\/wp\/v2\/posts\/344456","targetHints":{"allow":["GET"]}}],"collection":[{"href":"https:\/\/dhagpo.org\/de\/wp-json\/wp\/v2\/posts"}],"about":[{"href":"https:\/\/dhagpo.org\/de\/wp-json\/wp\/v2\/types\/post"}],"author":[{"embeddable":true,"href":"https:\/\/dhagpo.org\/de\/wp-json\/wp\/v2\/users\/8"}],"replies":[{"embeddable":true,"href":"https:\/\/dhagpo.org\/de\/wp-json\/wp\/v2\/comments?post=344456"}],"version-history":[{"count":5,"href":"https:\/\/dhagpo.org\/de\/wp-json\/wp\/v2\/posts\/344456\/revisions"}],"predecessor-version":[{"id":344462,"href":"https:\/\/dhagpo.org\/de\/wp-json\/wp\/v2\/posts\/344456\/revisions\/344462"}],"wp:featuredmedia":[{"embeddable":true,"href":"https:\/\/dhagpo.org\/de\/wp-json\/wp\/v2\/media\/344443"}],"wp:attachment":[{"href":"https:\/\/dhagpo.org\/de\/wp-json\/wp\/v2\/media?parent=344456"}],"wp:term":[{"taxonomy":"category","embeddable":true,"href":"https:\/\/dhagpo.org\/de\/wp-json\/wp\/v2\/categories?post=344456"},{"taxonomy":"post_tag","embeddable":true,"href":"https:\/\/dhagpo.org\/de\/wp-json\/wp\/v2\/tags?post=344456"}],"curies":[{"name":"wp","href":"https:\/\/api.w.org\/{rel}","templated":true}]}}