{"id":343921,"date":"2026-08-21T12:13:05","date_gmt":"2026-08-21T10:13:05","guid":{"rendered":"https:\/\/dhagpo.org\/?p=343921"},"modified":"2026-08-21T12:13:11","modified_gmt":"2026-08-21T10:13:11","slug":"karmapa-visita-europe-center-motivo-curso-internacional-verano-2026","status":"publish","type":"post","link":"https:\/\/dhagpo.org\/es\/karmapa-visita-europe-center-motivo-curso-internacional-verano-2026\/","title":{"rendered":"Karmapa visita Europe Center con motivo del Curso Internacional de Verano 2026"},"content":{"rendered":"<p>[et_pb_section fb_built=\u00bb1&#8243; _builder_version=\u00bb4.20.4&#8243; _module_preset=\u00bbbc6e1fac-9f22-417c-b154-28c2f2560b87&#8243; custom_margin=\u00bb20px||0px||false|false\u00bb custom_padding=\u00bb0px||0px||false|false\u00bb global_colors_info=\u00bb{}\u00bb][et_pb_row column_structure=\u00bb2_3,1_3&#8243; _builder_version=\u00bb4.20.1&#8243; _module_preset=\u00bb37ed24d0-880c-4fb3-a20a-247795bb4485&#8243; border_color_bottom=\u00bbgcid-ff546895-bc31-42f8-9f91-55d8ace67ab2&#8243; border_style_bottom=\u00bbdotted\u00bb global_colors_info=\u00bb{%22gcid-ff546895-bc31-42f8-9f91-55d8ace67ab2%22:%91%22border_color_bottom%22%93}\u00bb][et_pb_column type=\u00bb2_3&#8243; _builder_version=\u00bb4.20.1&#8243; _module_preset=\u00bbdefault\u00bb global_colors_info=\u00bb{}\u00bb][et_pb_text ol_position=\u00bboutside\u00bb admin_label=\u00bbintroduction\u00bb _builder_version=\u00bb4.27.6&#8243; _module_preset=\u00bb162ae72b-1274-4b1b-8c20-5cc47c82efe8&#8243; hover_enabled=\u00bb0&#8243; global_colors_info=\u00bb{}\u00bb sticky_enabled=\u00bb0&#8243;]<\/p>\n<p>20 de agosto de 2026<\/p>\n<p>Durante la ma\u00f1ana del 12 de agosto, Thaye Dorje, Su Santidad el XVII Gyalwa Karmapa, lleg\u00f3 a Europe Center, lugar de encuentro internacional para los budistas Camino del Diamante de todo el mundo.<\/p>\n<p>El programa de Karmapa form\u00f3 parte del Curso Internacional de Verano 2026, el primero celebrado tras el fallecimiento de lama Ole Nydahl. Este encuentro de dos semanas, que se celebra anualmente en el Europe Center, re\u00fane a amigos del Dharma de numerosos pa\u00edses para practicar y compartir el Dharma de Buda, y para fortalecer al mismo tiempo sus lazos de amistad.<\/p>\n<p>Durante su primera sesi\u00f3n, Karmapa otorg\u00f3 la transmisi\u00f3n de lectura, o <em>lung<\/em>, del <em>ngondro<\/em> (Pr\u00e1cticas Preliminares), as\u00ed como de la <em>Oraci\u00f3n del Mahamudra<\/em> del III Karmapa. Intercal\u00f3 las transmisiones con explicaciones sobre las pr\u00e1cticas y concluy\u00f3 la sesi\u00f3n con un amplio espacio de preguntas y respuestas.<\/p>\n<p>Durante los d\u00edas siguientes, Karmapa otorg\u00f3 las iniciaciones de Vajrasattva (tib. Dorje Sempa) y Amitayus a aproximadamente 6.000 practicantes. Vajrasattva es el aspecto de sabidur\u00eda asociado con la purificaci\u00f3n de velos y negatividades, mientras que Amitayus est\u00e1 asociado con la larga vida. Karmapa dedic\u00f3 tiempo suficiente para explicar las distintas etapas de los rituales, permitiendo que los presentes comprendieran claramente en qu\u00e9 deb\u00edan concentrarse durante las iniciaciones.<\/p>\n<p>Durante su estancia, Karmapa se reuni\u00f3 con maestros budistas laicos y representantes de diversas juntas directivas. Recibi\u00f3 informes, ofreci\u00f3 orientaci\u00f3n y respondi\u00f3 a sus preguntas.<\/p>\n<p>Karmapa tambi\u00e9n concedi\u00f3 una entrevista a los editores de una revista budista, en la que respondi\u00f3 a sus preguntas acerca del fallecimiento de lama Ole.<\/p>\n<p>Karmapa parti\u00f3 del Europe Center el 20 de agosto, rumbo a su siguiente destino, el Centro Budista de Schwarzenberg.<\/p>\n<p>Les invitamos a disfrutar de esta selecci\u00f3n de fotograf\u00edas de la visita de Karmapa en Europe Center.<\/p>\n<p>[\/et_pb_text][et_pb_gallery gallery_ids=\u00bb343899,343895,343911,343907&#8243; _builder_version=\u00bb4.27.6&#8243; _module_preset=\u00bbdefault\u00bb global_colors_info=\u00bb{}\u00bb][\/et_pb_gallery][et_pb_button button_url=\u00bbhttps:\/\/www.karmapa.org\/karmapa-visits-the-europe-center-for-the-2026-international-summer-course\/\u00bb url_new_window=\u00bbon\u00bb button_text=\u00bbVer album completo\u00bb button_alignment=\u00bbcenter\u00bb _builder_version=\u00bb4.27.6&#8243; _module_preset=\u00bb_initial\u00bb hover_enabled=\u00bb0&#8243; button_text_color_tablet=\u00bb#aa0335&#8243; button_text_color_phone=\u00bb#aa0335&#8243; locked=\u00bboff\u00bb global_colors_info=\u00bb{%22gcid-41b3cfed-6a52-4ba1-8b80-495f2d9c470a%22:%91%22button_bg_color__hover%22%93}\u00bb button_bg_color__hover=\u00bbgcid-41b3cfed-6a52-4ba1-8b80-495f2d9c470a\u00bb sticky_enabled=\u00bb0&#8243;][\/et_pb_button][\/et_pb_column][et_pb_column type=\u00bb1_3&#8243; _builder_version=\u00bb4.20.1&#8243; _module_preset=\u00bbdefault\u00bb global_colors_info=\u00bb{}\u00bb][et_pb_image src=\u00bb@ET-DC@eyJkeW5hbWljIjp0cnVlLCJjb250ZW50IjoicG9zdF9mZWF0dXJlZF9pbWFnZSIsInNldHRpbmdzIjp7fX0=@\u00bb show_in_lightbox=\u00bbon\u00bb _builder_version=\u00bb4.27.6&#8243; _dynamic_attributes=\u00bbsrc\u00bb _module_preset=\u00bbdefault\u00bb global_colors_info=\u00bb{}\u00bb][\/et_pb_image][\/et_pb_column][\/et_pb_row][\/et_pb_section]<\/p>\n","protected":false},"excerpt":{"rendered":"<p>20 de agosto de 2026 Durante la ma\u00f1ana del 12 de agosto, Thaye Dorje, Su Santidad el XVII Gyalwa Karmapa, lleg\u00f3 a Europe Center, lugar de encuentro internacional para los [&hellip;]<\/p>\n","protected":false},"author":8,"featured_media":343903,"comment_status":"closed","ping_status":"closed","sticky":false,"template":"","format":"standard","meta":{"_et_pb_use_builder":"on","_et_pb_old_content":"<p>[et_pb_section fb_built=\"1\" _builder_version=\"4.20.4\" _module_preset=\"bc6e1fac-9f22-417c-b154-28c2f2560b87\" custom_margin=\"20px||0px||false|false\" custom_padding=\"0px||0px||false|false\" global_colors_info=\"{}\"][et_pb_row column_structure=\"2_3,1_3\" _builder_version=\"4.20.1\" _module_preset=\"37ed24d0-880c-4fb3-a20a-247795bb4485\" border_color_bottom=\"gcid-ff546895-bc31-42f8-9f91-55d8ace67ab2\" border_style_bottom=\"dotted\" global_colors_info=\"{%22gcid-ff546895-bc31-42f8-9f91-55d8ace67ab2%22:%91%22border_color_bottom%22%93}\"][et_pb_column type=\"2_3\" _builder_version=\"4.20.1\" _module_preset=\"default\" global_colors_info=\"{}\"][et_pb_text ol_position=\"outside\" admin_label=\"introduction\" _builder_version=\"4.27.6\" _module_preset=\"162ae72b-1274-4b1b-8c20-5cc47c82efe8\" global_colors_info=\"{}\"]<\/p><p>Le 20 ao\u00fbt 2026<\/p><p>Le 12 ao\u00fbt au matin, Thay\u00e9 Dorj\u00e9, Sa Saintet\u00e9 le XVII<sup>e<\/sup> Gyalwa Karmapa, est arriv\u00e9 \u00e0 Europe Center, le lieu de rencontre international des bouddhistes Diamond Way du monde entier.<\/p><p>Le programme de Karmapa s\u2019inscrivait dans le cadre du stage international d\u2019\u00e9t\u00e9 de 2026, le premier stage \u00e0 avoir lieu depuis le d\u00e9c\u00e8s de lama Ole Nydahl. Organis\u00e9 chaque ann\u00e9e \u00e0 Europe Center, ce rassemblement de deux semaines r\u00e9unit des amis du Dharma venus de nombreux pays pour pratiquer et partager le Dharma du Bouddha, tout en renfor\u00e7ant leur amiti\u00e9.<\/p><p>Lors de la premi\u00e8re session, Karmapa a donn\u00e9 la transmission de lecture, ou <em>Iung<\/em>, des <em>ng\u00f6ndros<\/em> (les pratiques pr\u00e9liminaires), ainsi que de la <em>Pri\u00e8re du mahamoudra<\/em> du III<sup>e<\/sup> Karmapa. Il a entrecoup\u00e9 les transmissions de ces pratiques d\u2019explications \u00e0 leur propos et a conclu la session par une longue s\u00e9ance de questions-r\u00e9ponses.<\/p><p>Les jours suivants, Karmapa a conf\u00e9r\u00e9 les initiations de Vajrasattva (tib. Dorj\u00e9 Sempa) et d\u2019Amitayus \u00e0 environ 6000 pratiquants. Vajrasattva est l\u2019aspect de sagesse associ\u00e9 \u00e0 la purification des voiles et des empreintes n\u00e9fastes, tandis qu\u2019Amitayus est associ\u00e9 \u00e0 la long\u00e9vit\u00e9. Karmapa a pris le temps n\u00e9cessaire pour expliquer les diff\u00e9rentes \u00e9tapes des rituels, permettant \u00e0 toutes les personnes pr\u00e9sentes de comprendre clairement sur quoi se concentrer tout au long des initiations.<\/p><p>Pendant son s\u00e9jour, Karmapa a rencontr\u00e9 les enseignants s\u00e9culiers bouddhistes ainsi que des repr\u00e9sentants de diff\u00e9rents conseils. Il a re\u00e7u des rapports, donn\u00e9 des conseils et r\u00e9pondu \u00e0 des questions.<\/p><p>Karmapa a \u00e9galement accord\u00e9 un entretien aux r\u00e9dacteurs d\u2019un magazine bouddhiste, r\u00e9pondant \u00e0 leurs questions concernant le d\u00e9c\u00e8s de lama Ole.<\/p><p>Karmapa a quitt\u00e9 Europe Center le 20 ao\u00fbt, pour sa prochaine \u00e9tape, le centre bouddhiste de Schwarzenberg.<\/p><p>Nous vous invitons \u00e0 d\u00e9couvrir cette s\u00e9lection de photographies de la visite de Karmapa \u00e0 Europe Center.<\/p><p>[\/et_pb_text][et_pb_gallery gallery_ids=\"343896,343892,343908,343904\" _builder_version=\"4.27.6\" _module_preset=\"default\" hover_enabled=\"0\" global_colors_info=\"{}\" sticky_enabled=\"0\"][\/et_pb_gallery][et_pb_button button_url=\"https:\/\/www.karmapa.org\/karmapa-visits-the-europe-center-for-the-2026-international-summer-course\/\" url_new_window=\"on\" button_text=\"Voir l'album entier\" button_alignment=\"center\" _builder_version=\"4.27.6\" _module_preset=\"_initial\" button_text_color_tablet=\"#aa0335\" button_text_color_phone=\"#aa0335\" locked=\"off\" global_colors_info=\"{%22gcid-41b3cfed-6a52-4ba1-8b80-495f2d9c470a%22:%91%22button_bg_color__hover%22%93}\" button_bg_color__hover=\"gcid-41b3cfed-6a52-4ba1-8b80-495f2d9c470a\"][\/et_pb_button][\/et_pb_column][et_pb_column type=\"1_3\" _builder_version=\"4.20.1\" _module_preset=\"default\" global_colors_info=\"{}\"][et_pb_image src=\"@ET-DC@eyJkeW5hbWljIjp0cnVlLCJjb250ZW50IjoicG9zdF9mZWF0dXJlZF9pbWFnZSIsInNldHRpbmdzIjp7fX0=@\" show_in_lightbox=\"on\" _builder_version=\"4.27.6\" _dynamic_attributes=\"src\" _module_preset=\"default\" global_colors_info=\"{}\"][\/et_pb_image][\/et_pb_column][\/et_pb_row][\/et_pb_section]<\/p>","_et_gb_content_width":"","ngg_post_thumbnail":0,"footnotes":""},"categories":[110],"tags":[],"class_list":["post-343921","post","type-post","status-publish","format-standard","has-post-thumbnail","hentry","category-karmapa-org","et-has-post-format-content","et_post_format-et-post-format-standard"],"yoast_head":"<!-- This site is optimized with the Yoast SEO plugin v27.4 - https:\/\/yoast.com\/product\/yoast-seo-wordpress\/ -->\n<title>Karmapa visita Europe Center con motivo del Curso Internacional de Verano 2026 - Dhagpo Kagyu Ling<\/title>\n<meta name=\"robots\" content=\"index, follow, max-snippet:-1, max-image-preview:large, max-video-preview:-1\" \/>\n<link rel=\"canonical\" href=\"https:\/\/dhagpo.org\/es\/karmapa-visita-europe-center-motivo-curso-internacional-verano-2026\/\" \/>\n<meta property=\"og:locale\" content=\"es_ES\" \/>\n<meta property=\"og:type\" content=\"article\" \/>\n<meta property=\"og:title\" content=\"Karmapa visita Europe Center con motivo del Curso Internacional de Verano 2026 - Dhagpo Kagyu Ling\" \/>\n<meta property=\"og:description\" content=\"20 de agosto de 2026 Durante la ma\u00f1ana del 12 de agosto, Thaye Dorje, Su Santidad el XVII Gyalwa Karmapa, lleg\u00f3 a Europe Center, lugar de encuentro internacional para los [&hellip;]\" \/>\n<meta property=\"og:url\" content=\"https:\/\/dhagpo.org\/es\/karmapa-visita-europe-center-motivo-curso-internacional-verano-2026\/\" \/>\n<meta property=\"og:site_name\" content=\"Dhagpo Kagyu Ling\" \/>\n<meta property=\"article:published_time\" content=\"2026-08-21T10:13:05+00:00\" \/>\n<meta property=\"article:modified_time\" content=\"2026-08-21T10:13:11+00:00\" \/>\n<meta property=\"og:image\" content=\"https:\/\/dhagpo.org\/wp-content\/uploads\/2026\/08\/Tokpa-Korlo-Karmapa-EU-2026-EC-Part-1-FINAL-71-1-1.jpg\" \/>\n\t<meta property=\"og:image:width\" content=\"1350\" \/>\n\t<meta property=\"og:image:height\" content=\"900\" \/>\n\t<meta property=\"og:image:type\" content=\"image\/jpeg\" \/>\n<meta name=\"author\" content=\"yone\" \/>\n<meta name=\"twitter:card\" content=\"summary_large_image\" \/>\n<meta name=\"twitter:label1\" content=\"Escrito por\" \/>\n\t<meta name=\"twitter:data1\" content=\"yone\" \/>\n\t<meta name=\"twitter:label2\" content=\"Tiempo de lectura\" \/>\n\t<meta name=\"twitter:data2\" content=\"3 minutos\" \/>\n<script type=\"application\/ld+json\" class=\"yoast-schema-graph\">{\"@context\":\"https:\\\/\\\/schema.org\",\"@graph\":[{\"@type\":\"Article\",\"@id\":\"https:\\\/\\\/dhagpo.org\\\/es\\\/karmapa-visita-europe-center-motivo-curso-internacional-verano-2026\\\/#article\",\"isPartOf\":{\"@id\":\"https:\\\/\\\/dhagpo.org\\\/es\\\/karmapa-visita-europe-center-motivo-curso-internacional-verano-2026\\\/\"},\"author\":{\"name\":\"yone\",\"@id\":\"https:\\\/\\\/dhagpo.org\\\/#\\\/schema\\\/person\\\/5599c0ac81613f26c092fd8eb9b35828\"},\"headline\":\"Karmapa visita Europe Center con motivo del Curso Internacional de Verano 2026\",\"datePublished\":\"2026-08-21T10:13:05+00:00\",\"dateModified\":\"2026-08-21T10:13:11+00:00\",\"mainEntityOfPage\":{\"@id\":\"https:\\\/\\\/dhagpo.org\\\/es\\\/karmapa-visita-europe-center-motivo-curso-internacional-verano-2026\\\/\"},\"wordCount\":606,\"image\":{\"@id\":\"https:\\\/\\\/dhagpo.org\\\/es\\\/karmapa-visita-europe-center-motivo-curso-internacional-verano-2026\\\/#primaryimage\"},\"thumbnailUrl\":\"https:\\\/\\\/dhagpo.org\\\/wp-content\\\/uploads\\\/2026\\\/08\\\/Tokpa-Korlo-Karmapa-EU-2026-EC-Part-1-FINAL-71-1-1.jpg\",\"articleSection\":[\"Karmapa.org\"],\"inLanguage\":\"es\"},{\"@type\":\"WebPage\",\"@id\":\"https:\\\/\\\/dhagpo.org\\\/es\\\/karmapa-visita-europe-center-motivo-curso-internacional-verano-2026\\\/\",\"url\":\"https:\\\/\\\/dhagpo.org\\\/es\\\/karmapa-visita-europe-center-motivo-curso-internacional-verano-2026\\\/\",\"name\":\"Karmapa visita Europe Center con motivo del Curso Internacional de Verano 2026 - Dhagpo Kagyu Ling\",\"isPartOf\":{\"@id\":\"https:\\\/\\\/dhagpo.org\\\/#website\"},\"primaryImageOfPage\":{\"@id\":\"https:\\\/\\\/dhagpo.org\\\/es\\\/karmapa-visita-europe-center-motivo-curso-internacional-verano-2026\\\/#primaryimage\"},\"image\":{\"@id\":\"https:\\\/\\\/dhagpo.org\\\/es\\\/karmapa-visita-europe-center-motivo-curso-internacional-verano-2026\\\/#primaryimage\"},\"thumbnailUrl\":\"https:\\\/\\\/dhagpo.org\\\/wp-content\\\/uploads\\\/2026\\\/08\\\/Tokpa-Korlo-Karmapa-EU-2026-EC-Part-1-FINAL-71-1-1.jpg\",\"datePublished\":\"2026-08-21T10:13:05+00:00\",\"dateModified\":\"2026-08-21T10:13:11+00:00\",\"author\":{\"@id\":\"https:\\\/\\\/dhagpo.org\\\/#\\\/schema\\\/person\\\/5599c0ac81613f26c092fd8eb9b35828\"},\"breadcrumb\":{\"@id\":\"https:\\\/\\\/dhagpo.org\\\/es\\\/karmapa-visita-europe-center-motivo-curso-internacional-verano-2026\\\/#breadcrumb\"},\"inLanguage\":\"es\",\"potentialAction\":[{\"@type\":\"ReadAction\",\"target\":[\"https:\\\/\\\/dhagpo.org\\\/es\\\/karmapa-visita-europe-center-motivo-curso-internacional-verano-2026\\\/\"]}]},{\"@type\":\"ImageObject\",\"inLanguage\":\"es\",\"@id\":\"https:\\\/\\\/dhagpo.org\\\/es\\\/karmapa-visita-europe-center-motivo-curso-internacional-verano-2026\\\/#primaryimage\",\"url\":\"https:\\\/\\\/dhagpo.org\\\/wp-content\\\/uploads\\\/2026\\\/08\\\/Tokpa-Korlo-Karmapa-EU-2026-EC-Part-1-FINAL-71-1-1.jpg\",\"contentUrl\":\"https:\\\/\\\/dhagpo.org\\\/wp-content\\\/uploads\\\/2026\\\/08\\\/Tokpa-Korlo-Karmapa-EU-2026-EC-Part-1-FINAL-71-1-1.jpg\",\"width\":1350,\"height\":900},{\"@type\":\"BreadcrumbList\",\"@id\":\"https:\\\/\\\/dhagpo.org\\\/es\\\/karmapa-visita-europe-center-motivo-curso-internacional-verano-2026\\\/#breadcrumb\",\"itemListElement\":[{\"@type\":\"ListItem\",\"position\":1,\"name\":\"Accueil\",\"item\":\"https:\\\/\\\/dhagpo.org\\\/es\\\/\"},{\"@type\":\"ListItem\",\"position\":2,\"name\":\"Karmapa.org\",\"item\":\"https:\\\/\\\/dhagpo.org\\\/categorie\\\/karmapa\\\/\"},{\"@type\":\"ListItem\",\"position\":3,\"name\":\"Karmapa visita Europe Center con motivo del Curso Internacional de Verano 2026\"}]},{\"@type\":\"WebSite\",\"@id\":\"https:\\\/\\\/dhagpo.org\\\/#website\",\"url\":\"https:\\\/\\\/dhagpo.org\\\/\",\"name\":\"Dhagpo Kagyu Ling\",\"description\":\"Un lieu pour comprendre et vivre le bouddhisme\",\"potentialAction\":[{\"@type\":\"SearchAction\",\"target\":{\"@type\":\"EntryPoint\",\"urlTemplate\":\"https:\\\/\\\/dhagpo.org\\\/?s={search_term_string}\"},\"query-input\":{\"@type\":\"PropertyValueSpecification\",\"valueRequired\":true,\"valueName\":\"search_term_string\"}}],\"inLanguage\":\"es\"},{\"@type\":\"Person\",\"@id\":\"https:\\\/\\\/dhagpo.org\\\/#\\\/schema\\\/person\\\/5599c0ac81613f26c092fd8eb9b35828\",\"name\":\"yone\",\"image\":{\"@type\":\"ImageObject\",\"inLanguage\":\"es\",\"@id\":\"https:\\\/\\\/secure.gravatar.com\\\/avatar\\\/d2402f0f9017586164852f9c9592c4a7b0fc5867bd36e54b9b2d93bcf2eefb11?s=96&d=mm&r=g\",\"url\":\"https:\\\/\\\/secure.gravatar.com\\\/avatar\\\/d2402f0f9017586164852f9c9592c4a7b0fc5867bd36e54b9b2d93bcf2eefb11?s=96&d=mm&r=g\",\"contentUrl\":\"https:\\\/\\\/secure.gravatar.com\\\/avatar\\\/d2402f0f9017586164852f9c9592c4a7b0fc5867bd36e54b9b2d93bcf2eefb11?s=96&d=mm&r=g\",\"caption\":\"yone\"},\"url\":\"https:\\\/\\\/dhagpo.org\\\/es\\\/author\\\/yone\\\/\"}]}<\/script>\n<!-- \/ Yoast SEO plugin. -->","yoast_head_json":{"title":"Karmapa visita Europe Center con motivo del Curso Internacional de Verano 2026 - Dhagpo Kagyu Ling","robots":{"index":"index","follow":"follow","max-snippet":"max-snippet:-1","max-image-preview":"max-image-preview:large","max-video-preview":"max-video-preview:-1"},"canonical":"https:\/\/dhagpo.org\/es\/karmapa-visita-europe-center-motivo-curso-internacional-verano-2026\/","og_locale":"es_ES","og_type":"article","og_title":"Karmapa visita Europe Center con motivo del Curso Internacional de Verano 2026 - Dhagpo Kagyu Ling","og_description":"20 de agosto de 2026 Durante la ma\u00f1ana del 12 de agosto, Thaye Dorje, Su Santidad el XVII Gyalwa Karmapa, lleg\u00f3 a Europe Center, lugar de encuentro internacional para los [&hellip;]","og_url":"https:\/\/dhagpo.org\/es\/karmapa-visita-europe-center-motivo-curso-internacional-verano-2026\/","og_site_name":"Dhagpo Kagyu Ling","article_published_time":"2026-08-21T10:13:05+00:00","article_modified_time":"2026-08-21T10:13:11+00:00","og_image":[{"width":1350,"height":900,"url":"https:\/\/dhagpo.org\/wp-content\/uploads\/2026\/08\/Tokpa-Korlo-Karmapa-EU-2026-EC-Part-1-FINAL-71-1-1.jpg","type":"image\/jpeg"}],"author":"yone","twitter_card":"summary_large_image","twitter_misc":{"Escrito por":"yone","Tiempo de lectura":"3 minutos"},"schema":{"@context":"https:\/\/schema.org","@graph":[{"@type":"Article","@id":"https:\/\/dhagpo.org\/es\/karmapa-visita-europe-center-motivo-curso-internacional-verano-2026\/#article","isPartOf":{"@id":"https:\/\/dhagpo.org\/es\/karmapa-visita-europe-center-motivo-curso-internacional-verano-2026\/"},"author":{"name":"yone","@id":"https:\/\/dhagpo.org\/#\/schema\/person\/5599c0ac81613f26c092fd8eb9b35828"},"headline":"Karmapa visita Europe Center con motivo del Curso Internacional de Verano 2026","datePublished":"2026-08-21T10:13:05+00:00","dateModified":"2026-08-21T10:13:11+00:00","mainEntityOfPage":{"@id":"https:\/\/dhagpo.org\/es\/karmapa-visita-europe-center-motivo-curso-internacional-verano-2026\/"},"wordCount":606,"image":{"@id":"https:\/\/dhagpo.org\/es\/karmapa-visita-europe-center-motivo-curso-internacional-verano-2026\/#primaryimage"},"thumbnailUrl":"https:\/\/dhagpo.org\/wp-content\/uploads\/2026\/08\/Tokpa-Korlo-Karmapa-EU-2026-EC-Part-1-FINAL-71-1-1.jpg","articleSection":["Karmapa.org"],"inLanguage":"es"},{"@type":"WebPage","@id":"https:\/\/dhagpo.org\/es\/karmapa-visita-europe-center-motivo-curso-internacional-verano-2026\/","url":"https:\/\/dhagpo.org\/es\/karmapa-visita-europe-center-motivo-curso-internacional-verano-2026\/","name":"Karmapa visita Europe Center con motivo del Curso Internacional de Verano 2026 - Dhagpo Kagyu Ling","isPartOf":{"@id":"https:\/\/dhagpo.org\/#website"},"primaryImageOfPage":{"@id":"https:\/\/dhagpo.org\/es\/karmapa-visita-europe-center-motivo-curso-internacional-verano-2026\/#primaryimage"},"image":{"@id":"https:\/\/dhagpo.org\/es\/karmapa-visita-europe-center-motivo-curso-internacional-verano-2026\/#primaryimage"},"thumbnailUrl":"https:\/\/dhagpo.org\/wp-content\/uploads\/2026\/08\/Tokpa-Korlo-Karmapa-EU-2026-EC-Part-1-FINAL-71-1-1.jpg","datePublished":"2026-08-21T10:13:05+00:00","dateModified":"2026-08-21T10:13:11+00:00","author":{"@id":"https:\/\/dhagpo.org\/#\/schema\/person\/5599c0ac81613f26c092fd8eb9b35828"},"breadcrumb":{"@id":"https:\/\/dhagpo.org\/es\/karmapa-visita-europe-center-motivo-curso-internacional-verano-2026\/#breadcrumb"},"inLanguage":"es","potentialAction":[{"@type":"ReadAction","target":["https:\/\/dhagpo.org\/es\/karmapa-visita-europe-center-motivo-curso-internacional-verano-2026\/"]}]},{"@type":"ImageObject","inLanguage":"es","@id":"https:\/\/dhagpo.org\/es\/karmapa-visita-europe-center-motivo-curso-internacional-verano-2026\/#primaryimage","url":"https:\/\/dhagpo.org\/wp-content\/uploads\/2026\/08\/Tokpa-Korlo-Karmapa-EU-2026-EC-Part-1-FINAL-71-1-1.jpg","contentUrl":"https:\/\/dhagpo.org\/wp-content\/uploads\/2026\/08\/Tokpa-Korlo-Karmapa-EU-2026-EC-Part-1-FINAL-71-1-1.jpg","width":1350,"height":900},{"@type":"BreadcrumbList","@id":"https:\/\/dhagpo.org\/es\/karmapa-visita-europe-center-motivo-curso-internacional-verano-2026\/#breadcrumb","itemListElement":[{"@type":"ListItem","position":1,"name":"Accueil","item":"https:\/\/dhagpo.org\/es\/"},{"@type":"ListItem","position":2,"name":"Karmapa.org","item":"https:\/\/dhagpo.org\/categorie\/karmapa\/"},{"@type":"ListItem","position":3,"name":"Karmapa visita Europe Center con motivo del Curso Internacional de Verano 2026"}]},{"@type":"WebSite","@id":"https:\/\/dhagpo.org\/#website","url":"https:\/\/dhagpo.org\/","name":"Dhagpo Kagyu Ling","description":"Un lieu pour comprendre et vivre le bouddhisme","potentialAction":[{"@type":"SearchAction","target":{"@type":"EntryPoint","urlTemplate":"https:\/\/dhagpo.org\/?s={search_term_string}"},"query-input":{"@type":"PropertyValueSpecification","valueRequired":true,"valueName":"search_term_string"}}],"inLanguage":"es"},{"@type":"Person","@id":"https:\/\/dhagpo.org\/#\/schema\/person\/5599c0ac81613f26c092fd8eb9b35828","name":"yone","image":{"@type":"ImageObject","inLanguage":"es","@id":"https:\/\/secure.gravatar.com\/avatar\/d2402f0f9017586164852f9c9592c4a7b0fc5867bd36e54b9b2d93bcf2eefb11?s=96&d=mm&r=g","url":"https:\/\/secure.gravatar.com\/avatar\/d2402f0f9017586164852f9c9592c4a7b0fc5867bd36e54b9b2d93bcf2eefb11?s=96&d=mm&r=g","contentUrl":"https:\/\/secure.gravatar.com\/avatar\/d2402f0f9017586164852f9c9592c4a7b0fc5867bd36e54b9b2d93bcf2eefb11?s=96&d=mm&r=g","caption":"yone"},"url":"https:\/\/dhagpo.org\/es\/author\/yone\/"}]}},"_links":{"self":[{"href":"https:\/\/dhagpo.org\/es\/wp-json\/wp\/v2\/posts\/343921","targetHints":{"allow":["GET"]}}],"collection":[{"href":"https:\/\/dhagpo.org\/es\/wp-json\/wp\/v2\/posts"}],"about":[{"href":"https:\/\/dhagpo.org\/es\/wp-json\/wp\/v2\/types\/post"}],"author":[{"embeddable":true,"href":"https:\/\/dhagpo.org\/es\/wp-json\/wp\/v2\/users\/8"}],"replies":[{"embeddable":true,"href":"https:\/\/dhagpo.org\/es\/wp-json\/wp\/v2\/comments?post=343921"}],"version-history":[{"count":5,"href":"https:\/\/dhagpo.org\/es\/wp-json\/wp\/v2\/posts\/343921\/revisions"}],"predecessor-version":[{"id":343928,"href":"https:\/\/dhagpo.org\/es\/wp-json\/wp\/v2\/posts\/343921\/revisions\/343928"}],"wp:featuredmedia":[{"embeddable":true,"href":"https:\/\/dhagpo.org\/es\/wp-json\/wp\/v2\/media\/343903"}],"wp:attachment":[{"href":"https:\/\/dhagpo.org\/es\/wp-json\/wp\/v2\/media?parent=343921"}],"wp:term":[{"taxonomy":"category","embeddable":true,"href":"https:\/\/dhagpo.org\/es\/wp-json\/wp\/v2\/categories?post=343921"},{"taxonomy":"post_tag","embeddable":true,"href":"https:\/\/dhagpo.org\/es\/wp-json\/wp\/v2\/tags?post=343921"}],"curies":[{"name":"wp","href":"https:\/\/api.w.org\/{rel}","templated":true}]}}