{"id":344463,"date":"2026-08-31T16:01:00","date_gmt":"2026-08-31T14:01:00","guid":{"rendered":"https:\/\/dhagpo.org\/?p=344463"},"modified":"2026-08-31T16:01:41","modified_gmt":"2026-08-31T14:01:41","slug":"karmapa-visita-centro-budista-schwarzenberg","status":"publish","type":"post","link":"https:\/\/dhagpo.org\/es\/karmapa-visita-centro-budista-schwarzenberg\/","title":{"rendered":"Karmapa visita el centro budista de Schwarzenberg"},"content":{"rendered":"<p>[et_pb_section fb_built=\u00bb1&#8243; _builder_version=\u00bb4.20.4&#8243; _module_preset=\u00bbbc6e1fac-9f22-417c-b154-28c2f2560b87&#8243; custom_margin=\u00bb20px||0px||false|false\u00bb custom_padding=\u00bb0px||0px||false|false\u00bb global_colors_info=\u00bb{}\u00bb][et_pb_row column_structure=\u00bb2_3,1_3&#8243; _builder_version=\u00bb4.20.1&#8243; _module_preset=\u00bb37ed24d0-880c-4fb3-a20a-247795bb4485&#8243; border_color_bottom=\u00bbgcid-ff546895-bc31-42f8-9f91-55d8ace67ab2&#8243; border_style_bottom=\u00bbdotted\u00bb global_colors_info=\u00bb{%22gcid-ff546895-bc31-42f8-9f91-55d8ace67ab2%22:%91%22border_color_bottom%22%93}\u00bb][et_pb_column type=\u00bb2_3&#8243; _builder_version=\u00bb4.20.1&#8243; _module_preset=\u00bbdefault\u00bb global_colors_info=\u00bb{}\u00bb][et_pb_text ol_position=\u00bboutside\u00bb admin_label=\u00bbintroduction\u00bb _builder_version=\u00bb4.27.6&#8243; _module_preset=\u00bb162ae72b-1274-4b1b-8c20-5cc47c82efe8&#8243; global_colors_info=\u00bb{}\u00bb]<\/p>\n<p>30 de agosto de 2026<\/p>\n<p>El 19 de agosto, Thaye Dorje, Su Santidad el XVII Gyalwa Karmapa, dej\u00f3 el Europe Center para dirigirse al centro budista de Schwarzenberg, situado en la hermosa regi\u00f3n de Allg\u00e4u, en el sur de Alemania.<\/p>\n<p>Desde hace varias d\u00e9cadas, el centro acoge tanto a un grupo de Bodhi Path como a un grupo de Diamond Way, que comparten el mismo espacio en un esp\u00edritu com\u00fan de pr\u00e1ctica del Dharma.<\/p>\n<p>La llegada de Karmapa coincidi\u00f3 con una alegre celebraci\u00f3n con motivo de la transferencia de la totalidad del edificio a la Fundaci\u00f3n Karmapa de Schwarzenberg. Durante el encuentro se entregaron a Karmapa los documentos oficiales. En el jard\u00edn se hab\u00edan dispuesto mesas, donde los miembros y amigos del centro se reunieron en un ambiente c\u00e1lido y festivo. El presidente de la fundaci\u00f3n pronunci\u00f3 un discurso, tras el cual Karmapa se dirigi\u00f3 a los presentes, respondi\u00f3 a sus preguntas y les dio su bendici\u00f3n.<\/p>\n<p>Durante los d\u00edas siguientes, Karmapa bendijo el centro y se reuni\u00f3 con varios miembros veteranos de la sangha. En su \u00faltima noche, se reuni\u00f3 con ambas sanghas en el templo para una larga sesi\u00f3n de preguntas y respuestas.<\/p>\n<p>Karmapa dej\u00f3 Schwarzenberg el 22 de agosto para continuar su viaje hacia Dhagpo Kundreul Ling, en Francia.<\/p>\n<p>[\/et_pb_text][et_pb_gallery gallery_ids=\u00bb344436,344452,344448,344440&#8243; _builder_version=\u00bb4.27.6&#8243; _module_preset=\u00bbdefault\u00bb global_colors_info=\u00bb{}\u00bb][\/et_pb_gallery][et_pb_button button_url=\u00bbhttps:\/\/www.karmapa.org\/karmapa-visits-schwarzenberg-buddhist-centre\/\u00bb url_new_window=\u00bbon\u00bb button_text=\u00bbVer album completo\u00bb button_alignment=\u00bbcenter\u00bb _builder_version=\u00bb4.27.6&#8243; _module_preset=\u00bb_initial\u00bb button_text_color_tablet=\u00bb#aa0335&#8243; button_text_color_phone=\u00bb#aa0335&#8243; locked=\u00bboff\u00bb global_colors_info=\u00bb{%22gcid-41b3cfed-6a52-4ba1-8b80-495f2d9c470a%22:%91%22button_bg_color__hover%22%93}\u00bb button_bg_color__hover=\u00bbgcid-41b3cfed-6a52-4ba1-8b80-495f2d9c470a\u00bb][\/et_pb_button][\/et_pb_column][et_pb_column type=\u00bb1_3&#8243; _builder_version=\u00bb4.20.1&#8243; _module_preset=\u00bbdefault\u00bb global_colors_info=\u00bb{}\u00bb][et_pb_image src=\u00bb@ET-DC@eyJkeW5hbWljIjp0cnVlLCJjb250ZW50IjoicG9zdF9mZWF0dXJlZF9pbWFnZSIsInNldHRpbmdzIjp7fX0=@\u00bb show_in_lightbox=\u00bbon\u00bb _builder_version=\u00bb4.27.6&#8243; _dynamic_attributes=\u00bbsrc\u00bb _module_preset=\u00bbdefault\u00bb global_colors_info=\u00bb{}\u00bb][\/et_pb_image][\/et_pb_column][\/et_pb_row][\/et_pb_section]<\/p>\n","protected":false},"excerpt":{"rendered":"<p>30 de agosto de 2026 El 19 de agosto, Thaye Dorje, Su Santidad el XVII Gyalwa Karmapa, dej\u00f3 el Europe Center para dirigirse al centro budista de Schwarzenberg, situado en [&hellip;]<\/p>\n","protected":false},"author":8,"featured_media":344444,"comment_status":"closed","ping_status":"closed","sticky":false,"template":"","format":"standard","meta":{"_et_pb_use_builder":"on","_et_pb_old_content":"<p>[et_pb_section fb_built=\"1\" _builder_version=\"4.20.4\" _module_preset=\"bc6e1fac-9f22-417c-b154-28c2f2560b87\" custom_margin=\"20px||0px||false|false\" custom_padding=\"0px||0px||false|false\" global_colors_info=\"{}\"][et_pb_row column_structure=\"2_3,1_3\" _builder_version=\"4.20.1\" _module_preset=\"37ed24d0-880c-4fb3-a20a-247795bb4485\" border_color_bottom=\"gcid-ff546895-bc31-42f8-9f91-55d8ace67ab2\" border_style_bottom=\"dotted\" global_colors_info=\"{%22gcid-ff546895-bc31-42f8-9f91-55d8ace67ab2%22:%91%22border_color_bottom%22%93}\"][et_pb_column type=\"2_3\" _builder_version=\"4.20.1\" _module_preset=\"default\" global_colors_info=\"{}\"][et_pb_text ol_position=\"outside\" admin_label=\"introduction\" _builder_version=\"4.27.6\" _module_preset=\"162ae72b-1274-4b1b-8c20-5cc47c82efe8\" hover_enabled=\"0\" global_colors_info=\"{}\" sticky_enabled=\"0\"]<\/p><p>Le 30 ao\u00fbt 2026<\/p><p>Le 19 ao\u00fbt, Thay\u00e9 Dorj\u00e9, Sa Saintet\u00e9 le XVII<sup>e<\/sup> Gyalwa Karmapa, a quitt\u00e9 Europe Center pour se rendre au centre bouddhiste de Schwarzenberg, situ\u00e9 dans la magnifique r\u00e9gion de l\u2019Allg\u00e4u, dans le sud de l\u2019Allemagne.<br>Depuis plusieurs d\u00e9cennies, le centre accueille \u00e0 la fois un groupe Bodhi Path et un groupe Diamond Way, qui partagent le m\u00eame toit dans un esprit de pratique du Dharma.<\/p><p>L\u2019arriv\u00e9e de Karmapa a co\u00efncid\u00e9 avec une joyeuse c\u00e9l\u00e9bration marquant le transfert de l\u2019ensemble du b\u00e2timent \u00e0 la Fondation Karmapa de Schwarzenberg. Les documents officiels ont \u00e9t\u00e9 remis au Karmapa au cours de ce rassemblement. Des tables avaient \u00e9t\u00e9 dress\u00e9es dans le jardin, o\u00f9 les membres et les amis du centre se sont retrouv\u00e9s dans une ambiance chaleureuse et festive. Le pr\u00e9sident de la fondation a prononc\u00e9 un discours, apr\u00e8s quoi Karmapa s\u2019est adress\u00e9 aux personnes pr\u00e9sentes, a r\u00e9pondu \u00e0 leurs questions et leur a donn\u00e9 sa b\u00e9n\u00e9diction.<\/p><p>Au cours des jours suivants, Karmapa a b\u00e9ni le centre et rencontr\u00e9 plusieurs membres de longue date de la sangha. Lors de sa derni\u00e8re soir\u00e9e, il a rejoint les deux sanghas dans le temple pour une longue s\u00e9ance de questions-r\u00e9ponses.<\/p><p>Karmapa a quitt\u00e9 Schwarzenberg le 22 ao\u00fbt pour poursuivre son voyage vers Dhagpo Kundreul Ling, en France.<\/p><p>[\/et_pb_text][et_pb_gallery gallery_ids=\"344433,344449,344445,344437\" _builder_version=\"4.27.6\" _module_preset=\"default\" hover_enabled=\"0\" global_colors_info=\"{}\" sticky_enabled=\"0\"][\/et_pb_gallery][et_pb_button button_url=\"https:\/\/www.karmapa.org\/karmapa-visits-schwarzenberg-buddhist-centre\/\" url_new_window=\"on\" button_text=\"Voir l'album entier\" button_alignment=\"center\" _builder_version=\"4.27.6\" _module_preset=\"_initial\" hover_enabled=\"0\" button_text_color_tablet=\"#aa0335\" button_text_color_phone=\"#aa0335\" locked=\"off\" global_colors_info=\"{%22gcid-41b3cfed-6a52-4ba1-8b80-495f2d9c470a%22:%91%22button_bg_color__hover%22%93}\" button_bg_color__hover=\"gcid-41b3cfed-6a52-4ba1-8b80-495f2d9c470a\" sticky_enabled=\"0\"][\/et_pb_button][\/et_pb_column][et_pb_column type=\"1_3\" _builder_version=\"4.20.1\" _module_preset=\"default\" global_colors_info=\"{}\"][et_pb_image src=\"@ET-DC@eyJkeW5hbWljIjp0cnVlLCJjb250ZW50IjoicG9zdF9mZWF0dXJlZF9pbWFnZSIsInNldHRpbmdzIjp7fX0=@\" show_in_lightbox=\"on\" _builder_version=\"4.27.6\" _dynamic_attributes=\"src\" _module_preset=\"default\" global_colors_info=\"{}\"][\/et_pb_image][\/et_pb_column][\/et_pb_row][\/et_pb_section]<\/p>","_et_gb_content_width":"","ngg_post_thumbnail":0,"footnotes":""},"categories":[110],"tags":[],"class_list":["post-344463","post","type-post","status-publish","format-standard","has-post-thumbnail","hentry","category-karmapa-org","et-has-post-format-content","et_post_format-et-post-format-standard"],"yoast_head":"<!-- This site is optimized with the Yoast SEO plugin v27.4 - https:\/\/yoast.com\/product\/yoast-seo-wordpress\/ -->\n<title>Karmapa visita el centro budista de Schwarzenberg - Dhagpo Kagyu Ling<\/title>\n<meta name=\"robots\" content=\"index, follow, max-snippet:-1, max-image-preview:large, max-video-preview:-1\" \/>\n<link rel=\"canonical\" href=\"https:\/\/dhagpo.org\/es\/karmapa-visita-centro-budista-schwarzenberg\/\" \/>\n<meta property=\"og:locale\" content=\"es_ES\" \/>\n<meta property=\"og:type\" content=\"article\" \/>\n<meta property=\"og:title\" content=\"Karmapa visita el centro budista de Schwarzenberg - Dhagpo Kagyu Ling\" \/>\n<meta property=\"og:description\" content=\"30 de agosto de 2026 El 19 de agosto, Thaye Dorje, Su Santidad el XVII Gyalwa Karmapa, dej\u00f3 el Europe Center para dirigirse al centro budista de Schwarzenberg, situado en [&hellip;]\" \/>\n<meta property=\"og:url\" content=\"https:\/\/dhagpo.org\/es\/karmapa-visita-centro-budista-schwarzenberg\/\" \/>\n<meta property=\"og:site_name\" content=\"Dhagpo Kagyu Ling\" \/>\n<meta property=\"article:published_time\" content=\"2026-08-31T14:01:00+00:00\" \/>\n<meta property=\"article:modified_time\" content=\"2026-08-31T14:01:41+00:00\" \/>\n<meta property=\"og:image\" content=\"https:\/\/dhagpo.org\/wp-content\/uploads\/2026\/08\/Tokpa-Korlo-Schwarzenberg-Final-21.jpg\" \/>\n\t<meta property=\"og:image:width\" content=\"1350\" \/>\n\t<meta property=\"og:image:height\" content=\"900\" \/>\n\t<meta property=\"og:image:type\" content=\"image\/jpeg\" \/>\n<meta name=\"author\" content=\"yone\" \/>\n<meta name=\"twitter:card\" content=\"summary_large_image\" \/>\n<meta name=\"twitter:label1\" content=\"Escrito por\" \/>\n\t<meta name=\"twitter:data1\" content=\"yone\" \/>\n\t<meta name=\"twitter:label2\" content=\"Tiempo de lectura\" \/>\n\t<meta name=\"twitter:data2\" content=\"3 minutos\" \/>\n<script type=\"application\/ld+json\" class=\"yoast-schema-graph\">{\"@context\":\"https:\\\/\\\/schema.org\",\"@graph\":[{\"@type\":\"Article\",\"@id\":\"https:\\\/\\\/dhagpo.org\\\/es\\\/karmapa-visita-centro-budista-schwarzenberg\\\/#article\",\"isPartOf\":{\"@id\":\"https:\\\/\\\/dhagpo.org\\\/es\\\/karmapa-visita-centro-budista-schwarzenberg\\\/\"},\"author\":{\"name\":\"yone\",\"@id\":\"https:\\\/\\\/dhagpo.org\\\/#\\\/schema\\\/person\\\/5599c0ac81613f26c092fd8eb9b35828\"},\"headline\":\"Karmapa visita el centro budista de Schwarzenberg\",\"datePublished\":\"2026-08-31T14:01:00+00:00\",\"dateModified\":\"2026-08-31T14:01:41+00:00\",\"mainEntityOfPage\":{\"@id\":\"https:\\\/\\\/dhagpo.org\\\/es\\\/karmapa-visita-centro-budista-schwarzenberg\\\/\"},\"wordCount\":507,\"image\":{\"@id\":\"https:\\\/\\\/dhagpo.org\\\/es\\\/karmapa-visita-centro-budista-schwarzenberg\\\/#primaryimage\"},\"thumbnailUrl\":\"https:\\\/\\\/dhagpo.org\\\/wp-content\\\/uploads\\\/2026\\\/08\\\/Tokpa-Korlo-Schwarzenberg-Final-21.jpg\",\"articleSection\":[\"Karmapa.org\"],\"inLanguage\":\"es\"},{\"@type\":\"WebPage\",\"@id\":\"https:\\\/\\\/dhagpo.org\\\/es\\\/karmapa-visita-centro-budista-schwarzenberg\\\/\",\"url\":\"https:\\\/\\\/dhagpo.org\\\/es\\\/karmapa-visita-centro-budista-schwarzenberg\\\/\",\"name\":\"Karmapa visita el centro budista de Schwarzenberg - Dhagpo Kagyu Ling\",\"isPartOf\":{\"@id\":\"https:\\\/\\\/dhagpo.org\\\/#website\"},\"primaryImageOfPage\":{\"@id\":\"https:\\\/\\\/dhagpo.org\\\/es\\\/karmapa-visita-centro-budista-schwarzenberg\\\/#primaryimage\"},\"image\":{\"@id\":\"https:\\\/\\\/dhagpo.org\\\/es\\\/karmapa-visita-centro-budista-schwarzenberg\\\/#primaryimage\"},\"thumbnailUrl\":\"https:\\\/\\\/dhagpo.org\\\/wp-content\\\/uploads\\\/2026\\\/08\\\/Tokpa-Korlo-Schwarzenberg-Final-21.jpg\",\"datePublished\":\"2026-08-31T14:01:00+00:00\",\"dateModified\":\"2026-08-31T14:01:41+00:00\",\"author\":{\"@id\":\"https:\\\/\\\/dhagpo.org\\\/#\\\/schema\\\/person\\\/5599c0ac81613f26c092fd8eb9b35828\"},\"breadcrumb\":{\"@id\":\"https:\\\/\\\/dhagpo.org\\\/es\\\/karmapa-visita-centro-budista-schwarzenberg\\\/#breadcrumb\"},\"inLanguage\":\"es\",\"potentialAction\":[{\"@type\":\"ReadAction\",\"target\":[\"https:\\\/\\\/dhagpo.org\\\/es\\\/karmapa-visita-centro-budista-schwarzenberg\\\/\"]}]},{\"@type\":\"ImageObject\",\"inLanguage\":\"es\",\"@id\":\"https:\\\/\\\/dhagpo.org\\\/es\\\/karmapa-visita-centro-budista-schwarzenberg\\\/#primaryimage\",\"url\":\"https:\\\/\\\/dhagpo.org\\\/wp-content\\\/uploads\\\/2026\\\/08\\\/Tokpa-Korlo-Schwarzenberg-Final-21.jpg\",\"contentUrl\":\"https:\\\/\\\/dhagpo.org\\\/wp-content\\\/uploads\\\/2026\\\/08\\\/Tokpa-Korlo-Schwarzenberg-Final-21.jpg\",\"width\":1350,\"height\":900},{\"@type\":\"BreadcrumbList\",\"@id\":\"https:\\\/\\\/dhagpo.org\\\/es\\\/karmapa-visita-centro-budista-schwarzenberg\\\/#breadcrumb\",\"itemListElement\":[{\"@type\":\"ListItem\",\"position\":1,\"name\":\"Accueil\",\"item\":\"https:\\\/\\\/dhagpo.org\\\/es\\\/\"},{\"@type\":\"ListItem\",\"position\":2,\"name\":\"Karmapa.org\",\"item\":\"https:\\\/\\\/dhagpo.org\\\/es\\\/categorie\\\/karmapa-org\\\/\"},{\"@type\":\"ListItem\",\"position\":3,\"name\":\"Karmapa visita el centro budista de Schwarzenberg\"}]},{\"@type\":\"WebSite\",\"@id\":\"https:\\\/\\\/dhagpo.org\\\/#website\",\"url\":\"https:\\\/\\\/dhagpo.org\\\/\",\"name\":\"Dhagpo Kagyu Ling\",\"description\":\"Un lieu pour comprendre et vivre le bouddhisme\",\"potentialAction\":[{\"@type\":\"SearchAction\",\"target\":{\"@type\":\"EntryPoint\",\"urlTemplate\":\"https:\\\/\\\/dhagpo.org\\\/?s={search_term_string}\"},\"query-input\":{\"@type\":\"PropertyValueSpecification\",\"valueRequired\":true,\"valueName\":\"search_term_string\"}}],\"inLanguage\":\"es\"},{\"@type\":\"Person\",\"@id\":\"https:\\\/\\\/dhagpo.org\\\/#\\\/schema\\\/person\\\/5599c0ac81613f26c092fd8eb9b35828\",\"name\":\"yone\",\"image\":{\"@type\":\"ImageObject\",\"inLanguage\":\"es\",\"@id\":\"https:\\\/\\\/secure.gravatar.com\\\/avatar\\\/d2402f0f9017586164852f9c9592c4a7b0fc5867bd36e54b9b2d93bcf2eefb11?s=96&d=mm&r=g\",\"url\":\"https:\\\/\\\/secure.gravatar.com\\\/avatar\\\/d2402f0f9017586164852f9c9592c4a7b0fc5867bd36e54b9b2d93bcf2eefb11?s=96&d=mm&r=g\",\"contentUrl\":\"https:\\\/\\\/secure.gravatar.com\\\/avatar\\\/d2402f0f9017586164852f9c9592c4a7b0fc5867bd36e54b9b2d93bcf2eefb11?s=96&d=mm&r=g\",\"caption\":\"yone\"},\"url\":\"https:\\\/\\\/dhagpo.org\\\/es\\\/author\\\/yone\\\/\"}]}<\/script>\n<!-- \/ Yoast SEO plugin. -->","yoast_head_json":{"title":"Karmapa visita el centro budista de Schwarzenberg - Dhagpo Kagyu Ling","robots":{"index":"index","follow":"follow","max-snippet":"max-snippet:-1","max-image-preview":"max-image-preview:large","max-video-preview":"max-video-preview:-1"},"canonical":"https:\/\/dhagpo.org\/es\/karmapa-visita-centro-budista-schwarzenberg\/","og_locale":"es_ES","og_type":"article","og_title":"Karmapa visita el centro budista de Schwarzenberg - Dhagpo Kagyu Ling","og_description":"30 de agosto de 2026 El 19 de agosto, Thaye Dorje, Su Santidad el XVII Gyalwa Karmapa, dej\u00f3 el Europe Center para dirigirse al centro budista de Schwarzenberg, situado en [&hellip;]","og_url":"https:\/\/dhagpo.org\/es\/karmapa-visita-centro-budista-schwarzenberg\/","og_site_name":"Dhagpo Kagyu Ling","article_published_time":"2026-08-31T14:01:00+00:00","article_modified_time":"2026-08-31T14:01:41+00:00","og_image":[{"width":1350,"height":900,"url":"https:\/\/dhagpo.org\/wp-content\/uploads\/2026\/08\/Tokpa-Korlo-Schwarzenberg-Final-21.jpg","type":"image\/jpeg"}],"author":"yone","twitter_card":"summary_large_image","twitter_misc":{"Escrito por":"yone","Tiempo de lectura":"3 minutos"},"schema":{"@context":"https:\/\/schema.org","@graph":[{"@type":"Article","@id":"https:\/\/dhagpo.org\/es\/karmapa-visita-centro-budista-schwarzenberg\/#article","isPartOf":{"@id":"https:\/\/dhagpo.org\/es\/karmapa-visita-centro-budista-schwarzenberg\/"},"author":{"name":"yone","@id":"https:\/\/dhagpo.org\/#\/schema\/person\/5599c0ac81613f26c092fd8eb9b35828"},"headline":"Karmapa visita el centro budista de Schwarzenberg","datePublished":"2026-08-31T14:01:00+00:00","dateModified":"2026-08-31T14:01:41+00:00","mainEntityOfPage":{"@id":"https:\/\/dhagpo.org\/es\/karmapa-visita-centro-budista-schwarzenberg\/"},"wordCount":507,"image":{"@id":"https:\/\/dhagpo.org\/es\/karmapa-visita-centro-budista-schwarzenberg\/#primaryimage"},"thumbnailUrl":"https:\/\/dhagpo.org\/wp-content\/uploads\/2026\/08\/Tokpa-Korlo-Schwarzenberg-Final-21.jpg","articleSection":["Karmapa.org"],"inLanguage":"es"},{"@type":"WebPage","@id":"https:\/\/dhagpo.org\/es\/karmapa-visita-centro-budista-schwarzenberg\/","url":"https:\/\/dhagpo.org\/es\/karmapa-visita-centro-budista-schwarzenberg\/","name":"Karmapa visita el centro budista de Schwarzenberg - Dhagpo Kagyu Ling","isPartOf":{"@id":"https:\/\/dhagpo.org\/#website"},"primaryImageOfPage":{"@id":"https:\/\/dhagpo.org\/es\/karmapa-visita-centro-budista-schwarzenberg\/#primaryimage"},"image":{"@id":"https:\/\/dhagpo.org\/es\/karmapa-visita-centro-budista-schwarzenberg\/#primaryimage"},"thumbnailUrl":"https:\/\/dhagpo.org\/wp-content\/uploads\/2026\/08\/Tokpa-Korlo-Schwarzenberg-Final-21.jpg","datePublished":"2026-08-31T14:01:00+00:00","dateModified":"2026-08-31T14:01:41+00:00","author":{"@id":"https:\/\/dhagpo.org\/#\/schema\/person\/5599c0ac81613f26c092fd8eb9b35828"},"breadcrumb":{"@id":"https:\/\/dhagpo.org\/es\/karmapa-visita-centro-budista-schwarzenberg\/#breadcrumb"},"inLanguage":"es","potentialAction":[{"@type":"ReadAction","target":["https:\/\/dhagpo.org\/es\/karmapa-visita-centro-budista-schwarzenberg\/"]}]},{"@type":"ImageObject","inLanguage":"es","@id":"https:\/\/dhagpo.org\/es\/karmapa-visita-centro-budista-schwarzenberg\/#primaryimage","url":"https:\/\/dhagpo.org\/wp-content\/uploads\/2026\/08\/Tokpa-Korlo-Schwarzenberg-Final-21.jpg","contentUrl":"https:\/\/dhagpo.org\/wp-content\/uploads\/2026\/08\/Tokpa-Korlo-Schwarzenberg-Final-21.jpg","width":1350,"height":900},{"@type":"BreadcrumbList","@id":"https:\/\/dhagpo.org\/es\/karmapa-visita-centro-budista-schwarzenberg\/#breadcrumb","itemListElement":[{"@type":"ListItem","position":1,"name":"Accueil","item":"https:\/\/dhagpo.org\/es\/"},{"@type":"ListItem","position":2,"name":"Karmapa.org","item":"https:\/\/dhagpo.org\/es\/categorie\/karmapa-org\/"},{"@type":"ListItem","position":3,"name":"Karmapa visita el centro budista de Schwarzenberg"}]},{"@type":"WebSite","@id":"https:\/\/dhagpo.org\/#website","url":"https:\/\/dhagpo.org\/","name":"Dhagpo Kagyu Ling","description":"Un lieu pour comprendre et vivre le bouddhisme","potentialAction":[{"@type":"SearchAction","target":{"@type":"EntryPoint","urlTemplate":"https:\/\/dhagpo.org\/?s={search_term_string}"},"query-input":{"@type":"PropertyValueSpecification","valueRequired":true,"valueName":"search_term_string"}}],"inLanguage":"es"},{"@type":"Person","@id":"https:\/\/dhagpo.org\/#\/schema\/person\/5599c0ac81613f26c092fd8eb9b35828","name":"yone","image":{"@type":"ImageObject","inLanguage":"es","@id":"https:\/\/secure.gravatar.com\/avatar\/d2402f0f9017586164852f9c9592c4a7b0fc5867bd36e54b9b2d93bcf2eefb11?s=96&d=mm&r=g","url":"https:\/\/secure.gravatar.com\/avatar\/d2402f0f9017586164852f9c9592c4a7b0fc5867bd36e54b9b2d93bcf2eefb11?s=96&d=mm&r=g","contentUrl":"https:\/\/secure.gravatar.com\/avatar\/d2402f0f9017586164852f9c9592c4a7b0fc5867bd36e54b9b2d93bcf2eefb11?s=96&d=mm&r=g","caption":"yone"},"url":"https:\/\/dhagpo.org\/es\/author\/yone\/"}]}},"_links":{"self":[{"href":"https:\/\/dhagpo.org\/es\/wp-json\/wp\/v2\/posts\/344463","targetHints":{"allow":["GET"]}}],"collection":[{"href":"https:\/\/dhagpo.org\/es\/wp-json\/wp\/v2\/posts"}],"about":[{"href":"https:\/\/dhagpo.org\/es\/wp-json\/wp\/v2\/types\/post"}],"author":[{"embeddable":true,"href":"https:\/\/dhagpo.org\/es\/wp-json\/wp\/v2\/users\/8"}],"replies":[{"embeddable":true,"href":"https:\/\/dhagpo.org\/es\/wp-json\/wp\/v2\/comments?post=344463"}],"version-history":[{"count":5,"href":"https:\/\/dhagpo.org\/es\/wp-json\/wp\/v2\/posts\/344463\/revisions"}],"predecessor-version":[{"id":344470,"href":"https:\/\/dhagpo.org\/es\/wp-json\/wp\/v2\/posts\/344463\/revisions\/344470"}],"wp:featuredmedia":[{"embeddable":true,"href":"https:\/\/dhagpo.org\/es\/wp-json\/wp\/v2\/media\/344444"}],"wp:attachment":[{"href":"https:\/\/dhagpo.org\/es\/wp-json\/wp\/v2\/media?parent=344463"}],"wp:term":[{"taxonomy":"category","embeddable":true,"href":"https:\/\/dhagpo.org\/es\/wp-json\/wp\/v2\/categories?post=344463"},{"taxonomy":"post_tag","embeddable":true,"href":"https:\/\/dhagpo.org\/es\/wp-json\/wp\/v2\/tags?post=344463"}],"curies":[{"name":"wp","href":"https:\/\/api.w.org\/{rel}","templated":true}]}}